{"id":46277,"date":"2025-03-19T16:45:25","date_gmt":"2025-03-19T15:45:25","guid":{"rendered":"https:\/\/carfree.fr\/?p=46277"},"modified":"2025-03-19T21:00:46","modified_gmt":"2025-03-19T20:00:46","slug":"carcrash","status":"publish","type":"post","link":"https:\/\/carfree.fr\/index.php\/2025\/03\/19\/carcrash\/","title":{"rendered":"CarCrash"},"content":{"rendered":"<p><a href=\"https:\/\/365galerie.wordpress.com\/2025\/03\/19\/carcrash\/\" target=\"_blank\" rel=\"noopener\">CarCrash<\/a> est une exposition virtuelle r\u00e9alis\u00e9e par\u00a0<a href=\"https:\/\/365galerie.wordpress.com\/\">365Galerie<\/a>\u00a0en partenariat avec\u00a0<a href=\"https:\/\/carfree.fr\/\">Carfree France<\/a>\u00a0sur le crash de l\u2019automobile dans nos vies, dans notre soci\u00e9t\u00e9 et sur notre plan\u00e8te.<\/p>\n<p><a href=\"https:\/\/365galerie.wordpress.com\/2025\/03\/19\/carcrash\/\" target=\"_blank\" rel=\"noopener\">Acc\u00e9der \u00e0 l&rsquo;exposition virtuelle<\/a><\/p>\n","protected":false},"excerpt":{"rendered":"<p>CarCrash est une exposition virtuelle r\u00e9alis\u00e9e par\u00a0365Galerie\u00a0en partenariat avec\u00a0Carfree France\u00a0sur le crash de l\u2019automobile dans nos vies, dans notre soci\u00e9t\u00e9 et sur notre plan\u00e8te. Acc\u00e9der \u00e0 l&rsquo;exposition virtuelle<\/p>\n","protected":false},"author":1390,"featured_media":46278,"comment_status":"open","ping_status":"closed","sticky":false,"template":"","format":"standard","meta":[],"categories":[73],"tags":[1709,295,433,139,294,1828],"views":10669,"_links":{"self":[{"href":"https:\/\/carfree.fr\/index.php\/wp-json\/wp\/v2\/posts\/46277"}],"collection":[{"href":"https:\/\/carfree.fr\/index.php\/wp-json\/wp\/v2\/posts"}],"about":[{"href":"https:\/\/carfree.fr\/index.php\/wp-json\/wp\/v2\/types\/post"}],"author":[{"embeddable":true,"href":"https:\/\/carfree.fr\/index.php\/wp-json\/wp\/v2\/users\/1390"}],"replies":[{"embeddable":true,"href":"https:\/\/carfree.fr\/index.php\/wp-json\/wp\/v2\/comments?post=46277"}],"version-history":[{"count":0,"href":"https:\/\/carfree.fr\/index.php\/wp-json\/wp\/v2\/posts\/46277\/revisions"}],"wp:featuredmedia":[{"embeddable":true,"href":"https:\/\/carfree.fr\/index.php\/wp-json\/wp\/v2\/media\/46278"}],"wp:attachment":[{"href":"https:\/\/carfree.fr\/index.php\/wp-json\/wp\/v2\/media?parent=46277"}],"wp:term":[{"taxonomy":"category","embeddable":true,"href":"https:\/\/carfree.fr\/index.php\/wp-json\/wp\/v2\/categories?post=46277"},{"taxonomy":"post_tag","embeddable":true,"href":"https:\/\/carfree.fr\/index.php\/wp-json\/wp\/v2\/tags?post=46277"}],"curies":[{"name":"wp","href":"https:\/\/api.w.org\/{rel}","templated":true}]}}