{"id":4657,"date":"2009-10-24T10:17:54","date_gmt":"2009-10-24T09:17:54","guid":{"rendered":"http:\/\/carfree.fr\/?p=4657"},"modified":"2021-01-07T16:23:10","modified_gmt":"2021-01-07T15:23:10","slug":"rechauffement-climatique-de-pire-en-pire","status":"publish","type":"post","link":"https:\/\/carfree.fr\/index.php\/2009\/10\/24\/rechauffement-climatique-de-pire-en-pire\/","title":{"rendered":"R\u00e9chauffement climatique: de pire en pire!"},"content":{"rendered":"<p><img decoding=\"async\" loading=\"lazy\" title=\"climate-change-2009\" src=\"http:\/\/carfree.fr\/images\/climate-change-2009.jpg\" alt=\"climate-change-2009\" width=\"420\" height=\"200\" \/><\/p>\n<p>\u00ab <em>La rapidit\u00e9 et l\u2019ampleur des changements climatiques semblent en voie de d\u00e9passer les pr\u00e9visions les plus alarmantes du dernier rapport du GIEC<\/em> \u00bb, r\u00e9sumait le 24 septembre 2009 la d\u00e9claration publi\u00e9e par le Programme des Nations unies pour l\u2019environnement (PNUE), \u00e0 l\u2019occasion de la publication ce jour de leur rapport \u00ab\u00a0Climate Change Science Compendium 2009\u00a0\u00bb, bas\u00e9 sur l\u2019analyse de 400 publications scientifiques majeures depuis 3 ans.<\/p>\n<p>Par exemple, la hausse du niveau des oc\u00e9ans, qui devait se situer entre 18 et 59 cm d\u2019ici 2100 (par rapport \u00e0 1990) d\u2019apr\u00e8s le rapport du GIEC 2007 (<a title=\"http:\/\/www.ipcc.ch\/\" href=\"https:\/\/www.ipcc.ch\/\" target=\"_blank\">http:\/\/www.ipcc.ch\/<\/a>), qui explicitement n\u2019int\u00e9grait pas la nouvelle dynamique de fonte des glaces, pourrait atteindre entre 0,8 et 2 m\u00e8tres en 2100 et 4 \u00e0 20 m\u00e8tres les si\u00e8cles suivants.<\/p>\n<p>T\u00e9l\u00e9charger : Les \u00e9l\u00e9ments scientifiques du changement climatique &#8211; PNUE Rapport septembre 2009<\/p>\n","protected":false},"excerpt":{"rendered":"<p>\u00ab La rapidit\u00e9 et l\u2019ampleur des changements climatiques semblent en voie de d\u00e9passer les pr\u00e9visions les plus alarmantes du dernier rapport du GIEC \u00bb, r\u00e9sumait le 24 septembre 2009 la <a class=\"more-link\" href=\"https:\/\/carfree.fr\/index.php\/2009\/10\/24\/rechauffement-climatique-de-pire-en-pire\/\">Lire la suite&#8230;<\/a><\/p>\n","protected":false},"author":41,"featured_media":4658,"comment_status":"open","ping_status":"open","sticky":false,"template":"","format":"standard","meta":[],"categories":[124],"tags":[605,57,308,1669,176],"views":4024,"_links":{"self":[{"href":"https:\/\/carfree.fr\/index.php\/wp-json\/wp\/v2\/posts\/4657"}],"collection":[{"href":"https:\/\/carfree.fr\/index.php\/wp-json\/wp\/v2\/posts"}],"about":[{"href":"https:\/\/carfree.fr\/index.php\/wp-json\/wp\/v2\/types\/post"}],"author":[{"embeddable":true,"href":"https:\/\/carfree.fr\/index.php\/wp-json\/wp\/v2\/users\/41"}],"replies":[{"embeddable":true,"href":"https:\/\/carfree.fr\/index.php\/wp-json\/wp\/v2\/comments?post=4657"}],"version-history":[{"count":0,"href":"https:\/\/carfree.fr\/index.php\/wp-json\/wp\/v2\/posts\/4657\/revisions"}],"wp:featuredmedia":[{"embeddable":true,"href":"https:\/\/carfree.fr\/index.php\/wp-json\/"}],"wp:attachment":[{"href":"https:\/\/carfree.fr\/index.php\/wp-json\/wp\/v2\/media?parent=4657"}],"wp:term":[{"taxonomy":"category","embeddable":true,"href":"https:\/\/carfree.fr\/index.php\/wp-json\/wp\/v2\/categories?post=4657"},{"taxonomy":"post_tag","embeddable":true,"href":"https:\/\/carfree.fr\/index.php\/wp-json\/wp\/v2\/tags?post=4657"}],"curies":[{"name":"wp","href":"https:\/\/api.w.org\/{rel}","templated":true}]}}