{"id":4919,"date":"2009-11-08T14:34:17","date_gmt":"2009-11-08T13:34:17","guid":{"rendered":"http:\/\/carfree.fr\/?p=4919"},"modified":"2016-06-01T10:35:02","modified_gmt":"2016-06-01T09:35:02","slug":"economisez-5000-euros-par-an","status":"publish","type":"post","link":"https:\/\/carfree.fr\/index.php\/2009\/11\/08\/economisez-5000-euros-par-an\/","title":{"rendered":"Economisez 5.000 euros par an !!!"},"content":{"rendered":"<p><img decoding=\"async\" loading=\"lazy\" title=\"economisez-5000-euros\" src=\"http:\/\/carfree.fr\/images\/economisez-5000-euros.jpg\" alt=\"economisez-5000-euros\" width=\"420\" height=\"200\" \/><\/p>\n<p>C&rsquo;est l&rsquo;Automobile-club qui vous le dit: une voiture co\u00fbte en moyenne \u00e0 son propri\u00e9taire environ 5.000 euros par an! Le Collectif de R\u00e9appropriation de l\u2019Espace Public (CREP) de Strasbourg en a fait un tract t\u00e9l\u00e9chargeable \u00e0 apposer sur tous les pare-brises de la ville.\u00a0 Faites chauffer les photocopieuses! <!--more--><\/p>\n<p><strong>Abandonner votre voiture &amp; Achetez un v\u00e9lo !<\/strong><\/p>\n<p>Achat, cr\u00e9dit, essence, assurance, entretien, contr\u00f4le technique, taxe carbone, parking, p\u00e9age&#8230; La bagnole co\u00fbte une fortune. Il faut travailler une journ\u00e9e par semaine, juste pour la payer ! Pour elle, nous dilapidons chaque ann\u00e9e 10 \u00e0 20 fois le prix d\u2019un v\u00e9lo (qui se r\u00e9pare pour presque pas un rond et durera toute une vie). Polluer moins pour travailler moins et gagner autant? Oui, gr\u00e2ce \u00e0 la bicyclette, symbole de convivialit\u00e9, d\u2019autonomie, de frugalit\u00e9 ! Alors, p\u00e9dalons \u00e0 la reconqu\u00eate de notre bonheur.<\/p>\n<p><span class=\"document\"><a title=\"http:\/\/crep.strasbourg.free.fr\/IMG\/pdf\/velorution-20090925-tract-2-A4.pdf\" href=\"http:\/\/crep.strasbourg.free.fr\/IMG\/pdf\/velorution-20090925-tract-2-A4.pdf\" target=\"_blank\"><img decoding=\"async\" loading=\"lazy\" class=\"alignnone size-full wp-image-4921\" title=\"velorution-20090925-tract-2-a4\" src=\"http:\/\/carfree.fr\/images\/velorution-20090925-tract-2-a4.jpg\" alt=\"velorution-20090925-tract-2-a4\" width=\"170\" height=\"60\" \/><\/a><br \/>\n<a title=\"http:\/\/crep.strasbourg.free.fr\/IMG\/pdf\/velorution-20090925-tract-2-A4.pdf\" href=\"http:\/\/crep.strasbourg.free.fr\/IMG\/pdf\/velorution-20090925-tract-2-A4.pdf\" target=\"_blank\"><span>\u00c9conomisez 5000 euros par an\u00a0!<\/span><br \/>\n<span><span style=\"text-transform: uppercase;\">PDF<\/span> &#8211; 1.1\u00a0Mo<\/span><\/a><\/span><\/p>\n<p><span class=\"document\"><span>Source: <a title=\"http:\/\/crep.strasbourg.free.fr\" href=\"http:\/\/crep.strasbourg.free.fr\" target=\"_blank\">http:\/\/crep.strasbourg.free.fr<\/a><br \/>\n<\/span><\/span><\/p>\n","protected":false},"excerpt":{"rendered":"<p>C&rsquo;est l&rsquo;Automobile-club qui vous le dit: une voiture co\u00fbte en moyenne \u00e0 son propri\u00e9taire environ 5.000 euros par an! Le Collectif de R\u00e9appropriation de l\u2019Espace Public (CREP) de Strasbourg en <a class=\"more-link\" href=\"https:\/\/carfree.fr\/index.php\/2009\/11\/08\/economisez-5000-euros-par-an\/\">Lire la suite&#8230;<\/a><\/p>\n","protected":false},"author":481,"featured_media":4920,"comment_status":"open","ping_status":"open","sticky":false,"template":"","format":"standard","meta":[],"categories":[4,73,24,7],"tags":[185,306,352,162,318,29,133,681,216,176,30,164,1664,34],"views":6425,"_links":{"self":[{"href":"https:\/\/carfree.fr\/index.php\/wp-json\/wp\/v2\/posts\/4919"}],"collection":[{"href":"https:\/\/carfree.fr\/index.php\/wp-json\/wp\/v2\/posts"}],"about":[{"href":"https:\/\/carfree.fr\/index.php\/wp-json\/wp\/v2\/types\/post"}],"author":[{"embeddable":true,"href":"https:\/\/carfree.fr\/index.php\/wp-json\/wp\/v2\/users\/481"}],"replies":[{"embeddable":true,"href":"https:\/\/carfree.fr\/index.php\/wp-json\/wp\/v2\/comments?post=4919"}],"version-history":[{"count":0,"href":"https:\/\/carfree.fr\/index.php\/wp-json\/wp\/v2\/posts\/4919\/revisions"}],"wp:featuredmedia":[{"embeddable":true,"href":"https:\/\/carfree.fr\/index.php\/wp-json\/"}],"wp:attachment":[{"href":"https:\/\/carfree.fr\/index.php\/wp-json\/wp\/v2\/media?parent=4919"}],"wp:term":[{"taxonomy":"category","embeddable":true,"href":"https:\/\/carfree.fr\/index.php\/wp-json\/wp\/v2\/categories?post=4919"},{"taxonomy":"post_tag","embeddable":true,"href":"https:\/\/carfree.fr\/index.php\/wp-json\/wp\/v2\/tags?post=4919"}],"curies":[{"name":"wp","href":"https:\/\/api.w.org\/{rel}","templated":true}]}}