{"id":4967,"date":"2009-11-19T08:20:52","date_gmt":"2009-11-19T07:20:52","guid":{"rendered":"http:\/\/carfree.fr\/?p=4967"},"modified":"2021-11-24T23:25:02","modified_gmt":"2021-11-24T22:25:02","slug":"copenhague-un-sommet-dincoherence","status":"publish","type":"post","link":"https:\/\/carfree.fr\/index.php\/2009\/11\/19\/copenhague-un-sommet-dincoherence\/","title":{"rendered":"Copenhague : Un Sommet d&rsquo;incoh\u00e9rence?"},"content":{"rendered":"<p><img decoding=\"async\" loading=\"lazy\" title=\"copenhague-sommet-incoherences\" src=\"http:\/\/carfree.fr\/images\/copenhague-sommet-incoherences.jpg\" alt=\"copenhague-sommet-incoherences\" width=\"420\" height=\"200\" \/><\/p>\n<p>A l&rsquo;occasion d&rsquo;un colloque intitul\u00e9 \u00ab\u00a0Climat et transport : Du global au local\u00a0\u00bb qui s&rsquo;est tenu \u00e0 l&rsquo;Assembl\u00e9e nationale jeudi 05 novembre \u00e0 l&rsquo;invitation du d\u00e9put\u00e9 Yves Cochet et organis\u00e9 par les associations Agir pour l&rsquo;Environnement et le RAC-F, un collectif de dix-sept ONG lance une campagne de mobilisation citoyenne \u00ab\u00a0Copenhague : un Sommet d&rsquo;incoh\u00e9rence ?\u00a0\u00bb. <!--more--><\/p>\n<p><strong>Lancement de la campagne \u00ab\u00a0Copenhague : Un Sommet d&rsquo;incoh\u00e9rence ?\u00a0\u00bb<\/strong><\/p>\n<p>Cette campagne inter-associative est l&rsquo;occasion d&rsquo;attirer l&rsquo;attention du grand public sur le double discours de l&rsquo;Etat fran\u00e7ais en mati\u00e8re de lutte contre le d\u00e9r\u00e8glement climatique. Pour St\u00e9phen Kerckhove, d\u00e9l\u00e9gu\u00e9 g\u00e9n\u00e9ral d&rsquo;Agir pour l&rsquo;Environnement, \u00ab\u00a0le Sommet de Copenhague sur le climat va \u00eatre, dans les semaines \u00e0 venir, le th\u00e9\u00e2tre de surench\u00e8res verbales qui masqueront mal certains projets locaux d&rsquo;envergure nationale moins pr\u00e9sentables. Copenhague s&rsquo;appr\u00eate \u00e0 \u00eatre le Sommet du non-dit, le Sommet d&rsquo;une incoh\u00e9rence \u00e9tatique pleinement assum\u00e9e !\u00a0\u00bb<\/p>\n<p>L&rsquo;accumulation des projets d&rsquo;autoroutes, contournements routiers, a\u00e9roports, circuit de Formule1, mine de charbon, terminal charbonnier auquel s&rsquo;ajoutent les fausses-bonnes solutions type agrocarburant, voiture \u00e9lectrique, r\u00e9acteur EPR, interrogent sur la cr\u00e9dibilit\u00e9 et l&rsquo;ambition r\u00e9elle de l&rsquo;Etat fran\u00e7ais en mati\u00e8re de lutte contre le d\u00e9r\u00e8glement climatique.<\/p>\n<p>Les associations appellent l&rsquo;Etat \u00e0 publier rapidement le sch\u00e9ma national des infrastructures (SNIT). Ce sch\u00e9ma, pr\u00e9vu dans le cadre de la loi Grenelle1 (articles 16&amp;17), doit \u00eatre soumis aux acteurs associatifs et adopt\u00e9 d&rsquo;ici \u00e0 la fin 2009. Pour Olivier Louchard, Directeur du R\u00e9seau Action Climat France, \u00ab\u00a0\u00e0 moins de 2 moins de l&rsquo;\u00e9ch\u00e9ance l\u00e9gale, le SNIT est encore \u00e9labor\u00e9 en catimini et sans r\u00e9elle concertation. Pire: Un pr\u00e9-sch\u00e9ma est en cours de r\u00e9daction avec une liste de projets \u00e0 \u00e9valuer mais les ONG n&rsquo;y ont pas acc\u00e8s\u00a0\u00bb.<\/p>\n<p>Les associations publient une <a title=\"http:\/\/carfree.fr\/index.php\/2009\/11\/15\/carte-de-france-des-projets-climaticides\/\" href=\"http:\/\/carfree.fr\/index.php\/2009\/11\/15\/carte-de-france-des-projets-climaticides\/\" target=\"_self\">cartographie des 21 projets climaticides<\/a> que la France se pr\u00e9pare \u00e0 r\u00e9aliser en catimini, \u00e0 l&rsquo;ombre des grands discours sur Copenhague.<\/p>\n<p>Le colloque \u00ab\u00a0Climat et transport : Du global au local\u00a0\u00bb est constitu\u00e9 de trois tables rondes, la premi\u00e8re consacr\u00e9e aux enjeux de Copenhague, la deuxi\u00e8me aux fausses-bonnes solutions (agrocarburant, voiture \u00e9lectrique, greenwashing.) et la troisi\u00e8me aux projets d&rsquo;infrastructures climaticides.<\/p>\n<p>La campagne de mobilisation citoyenne lanc\u00e9e par 17 associations \u00e0 l&rsquo;occasion de ce colloque est \u00e9dit\u00e9e \u00e0 160.000 exemplaires, interpelle le Chef de l&rsquo;Etat fran\u00e7ais et le Ministre de l&rsquo;Ecologie et r\u00e9clame un moratoire sur tous les projets d&rsquo;infrastructures climaticides.<\/p>\n<p>Source: <a title=\"http:\/\/www.agirpourlenvironnement.org\/\" href=\"https:\/\/www.agirpourlenvironnement.org\/\" target=\"_blank\" rel=\"noopener\">www.agirpourlenvironnement.org<\/a><\/p>\n","protected":false},"excerpt":{"rendered":"<p>A l&rsquo;occasion d&rsquo;un colloque intitul\u00e9 \u00ab\u00a0Climat et transport : Du global au local\u00a0\u00bb qui s&rsquo;est tenu \u00e0 l&rsquo;Assembl\u00e9e nationale jeudi 05 novembre \u00e0 l&rsquo;invitation du d\u00e9put\u00e9 Yves Cochet et organis\u00e9 <a class=\"more-link\" href=\"https:\/\/carfree.fr\/index.php\/2009\/11\/19\/copenhague-un-sommet-dincoherence\/\">Lire la suite&#8230;<\/a><\/p>\n","protected":false},"author":167,"featured_media":4968,"comment_status":"open","ping_status":"open","sticky":false,"template":"","format":"standard","meta":[],"categories":[165,73,77,6,124],"tags":[326,112,103,290,57,407,370,565,308,16,273,351,281,272,694,309,45,287,172,1669,363],"views":5269,"_links":{"self":[{"href":"https:\/\/carfree.fr\/index.php\/wp-json\/wp\/v2\/posts\/4967"}],"collection":[{"href":"https:\/\/carfree.fr\/index.php\/wp-json\/wp\/v2\/posts"}],"about":[{"href":"https:\/\/carfree.fr\/index.php\/wp-json\/wp\/v2\/types\/post"}],"author":[{"embeddable":true,"href":"https:\/\/carfree.fr\/index.php\/wp-json\/wp\/v2\/users\/167"}],"replies":[{"embeddable":true,"href":"https:\/\/carfree.fr\/index.php\/wp-json\/wp\/v2\/comments?post=4967"}],"version-history":[{"count":0,"href":"https:\/\/carfree.fr\/index.php\/wp-json\/wp\/v2\/posts\/4967\/revisions"}],"wp:featuredmedia":[{"embeddable":true,"href":"https:\/\/carfree.fr\/index.php\/wp-json\/"}],"wp:attachment":[{"href":"https:\/\/carfree.fr\/index.php\/wp-json\/wp\/v2\/media?parent=4967"}],"wp:term":[{"taxonomy":"category","embeddable":true,"href":"https:\/\/carfree.fr\/index.php\/wp-json\/wp\/v2\/categories?post=4967"},{"taxonomy":"post_tag","embeddable":true,"href":"https:\/\/carfree.fr\/index.php\/wp-json\/wp\/v2\/tags?post=4967"}],"curies":[{"name":"wp","href":"https:\/\/api.w.org\/{rel}","templated":true}]}}