{"id":497,"date":"2005-12-14T12:57:58","date_gmt":"2005-12-14T11:57:58","guid":{"rendered":"http:\/\/carfree.fr\/index.php\/2005\/12\/14\/la-voiture-cause-de-changement-climatique\/"},"modified":"2024-06-11T12:05:37","modified_gmt":"2024-06-11T11:05:37","slug":"la-voiture-cause-de-changement-climatique","status":"publish","type":"post","link":"https:\/\/carfree.fr\/index.php\/2005\/12\/14\/la-voiture-cause-de-changement-climatique\/","title":{"rendered":"La voiture, cause de changement climatique"},"content":{"rendered":"<p>D&rsquo;apr\u00e8s un dossier de presse du r\u00e9seau \u00ab\u00a0<a href=\"https:\/\/www.worldcarfree.net\/\" target=\"_blank\" rel=\"noopener\">World Carfree<\/a>\u00a0\u00bb et d&rsquo;autres sources. <!--more--><\/p>\n<p>Le 28 Novembre 2005, dans un communiqu\u00e9 de presse, le r\u00e9seau World Carfree Network a exhort\u00e9 les repr\u00e9sentants de plus de 180 nations, qui se rencontraient alors \u00e0 Montr\u00e9al pour le premier sommet sur le changement climatique depuis le Protocole de Kyoto, \u00e0 reconna\u00eetre que les voitures produisent davantage d&rsquo;\u00e9missions de gaz \u00e0 effet de serre qu&rsquo;aucune autre source.<\/p>\n<p>\u00ab\u00a0La Voiture est l&rsquo;un des principaux facteurs de perturbation du climat de la plan\u00e8te\u00a0\u00bb, d\u00e9clare Augustin Villegas, organisateur du r\u00e9seau \u00e0 Mexico. \u00ab\u00a0Si les gouvernements veulent combattre le changement climatique, la premi\u00e8re \u00e9tape est de mettre en place des infrastructures pour la marche, le v\u00e9lo et le chemin de fer, au lieu de le d\u00e9manteler.\u00a0\u00bb L&rsquo;infrastructure ferroviaire du Mexique a \u00e9t\u00e9 d\u00e9mantel\u00e9e en grande partie en 2000, et aujourd&rsquo;hui l&rsquo;administration Bush envisage de faire la m\u00eame chose avec la compagnie ferroviaire am\u00e9ricaine Amtrak.<\/p>\n<p>La plupart des gouvernements de la plan\u00e8te ne veulent pas sortir du syst\u00e8me de d\u00e9pendance de la voiture individuelle. M\u00eame l&rsquo;Union europ\u00e9enne, qui est la plus active dans la lutte contre le changement climatique, a choisi de se concentrer sur les biocarburants, qui r\u00e9duisent bien moins les \u00e9missions de CO2 que ne le ferait un passage aux transports publics et aux d\u00e9placements non motoris\u00e9s.<\/p>\n<p>De plus, les fabricants d&rsquo;autos ne remplissent m\u00eame pas leurs objectifs de r\u00e9ductions d&rsquo;\u00e9missions pour les nouveaux mod\u00e8les.<\/p>\n<p>S&rsquo;adressant au Programme Environnement des Nations Unies et au Forum environnemental de Daimler-Chrysler, Jos Dings, Directeur de la F\u00e9d\u00e9ration europ\u00e9enne pour le transport et l&rsquo;environnement, a press\u00e9 l&rsquo;industrie de se focaliser sur la production de voitures ayant un meilleur rendement au fioul ou \u00e0 l&rsquo;essence, plut\u00f4t que sur des carburants alternatifs.<\/p>\n<p>Les pr\u00e9f\u00e9rences en mati\u00e8re de voiture dans l&rsquo;\u00e9conomie occidentale, dit-il, d\u00e9terminent largement le type de voiture qui sera adopt\u00e9 dans vingt ans dans les pays \u00e9mergents.\u00a0\u00bb \u00ab\u00a0Avec le prix du p\u00e9trole et du charbon, nous exportons vers les pays \u00e9mergents une bombe \u00e0 retardement.\u00a0\u00bb<\/p>\n<p>L&rsquo;industrie n&rsquo;attendra pas l&rsquo;objectif 2005 de l&rsquo;Union europ\u00e9enne de moins de 120 grammes de CO2 au kilom\u00e8tre pour les nouvelles voitures.<\/p>\n<p>L&rsquo;un des buts de la rencontre des Nations Unies est d&rsquo;envisager l&rsquo;apr\u00e8s 2012, quand l&rsquo;accord en cours sera arriv\u00e9 \u00e0 son terme. Les Etats-Unis ont d\u00e9clar\u00e9 qu&rsquo;ils ne prendraient pas d&rsquo;engagements suppl\u00e9mentaires apr\u00e8s 2012.<\/p>\n","protected":false},"excerpt":{"rendered":"<p>D&rsquo;apr\u00e8s un dossier de presse du r\u00e9seau \u00ab\u00a0World Carfree\u00a0\u00bb et d&rsquo;autres sources.<\/p>\n","protected":false},"author":11,"featured_media":46047,"comment_status":"open","ping_status":"open","sticky":false,"template":"","format":"standard","meta":[],"categories":[124],"tags":[1848,413,57,85,55,236,462],"views":6347,"_links":{"self":[{"href":"https:\/\/carfree.fr\/index.php\/wp-json\/wp\/v2\/posts\/497"}],"collection":[{"href":"https:\/\/carfree.fr\/index.php\/wp-json\/wp\/v2\/posts"}],"about":[{"href":"https:\/\/carfree.fr\/index.php\/wp-json\/wp\/v2\/types\/post"}],"author":[{"embeddable":true,"href":"https:\/\/carfree.fr\/index.php\/wp-json\/wp\/v2\/users\/11"}],"replies":[{"embeddable":true,"href":"https:\/\/carfree.fr\/index.php\/wp-json\/wp\/v2\/comments?post=497"}],"version-history":[{"count":0,"href":"https:\/\/carfree.fr\/index.php\/wp-json\/wp\/v2\/posts\/497\/revisions"}],"wp:featuredmedia":[{"embeddable":true,"href":"https:\/\/carfree.fr\/index.php\/wp-json\/wp\/v2\/media\/46047"}],"wp:attachment":[{"href":"https:\/\/carfree.fr\/index.php\/wp-json\/wp\/v2\/media?parent=497"}],"wp:term":[{"taxonomy":"category","embeddable":true,"href":"https:\/\/carfree.fr\/index.php\/wp-json\/wp\/v2\/categories?post=497"},{"taxonomy":"post_tag","embeddable":true,"href":"https:\/\/carfree.fr\/index.php\/wp-json\/wp\/v2\/tags?post=497"}],"curies":[{"name":"wp","href":"https:\/\/api.w.org\/{rel}","templated":true}]}}