{"id":505,"date":"2008-06-27T12:36:00","date_gmt":"2008-06-27T11:36:00","guid":{"rendered":"http:\/\/carfree.fr\/index.php\/2008\/06\/27\/mondial-de-lauto-destruction-2008\/"},"modified":"2021-01-07T17:55:08","modified_gmt":"2021-01-07T16:55:08","slug":"mondial-de-lauto-destruction-2008","status":"publish","type":"post","link":"https:\/\/carfree.fr\/index.php\/2008\/06\/27\/mondial-de-lauto-destruction-2008\/","title":{"rendered":"Mondial de l&rsquo;Auto-Destruction 2008"},"content":{"rendered":"<p><img decoding=\"async\" loading=\"lazy\" src=\"http:\/\/carfree.fr\/mondial-2008\/mondial-auto-destruction-2008.jpg\" alt=\"mondial-auto-destruction-2008\" width=\"450\" height=\"541\" \/><\/p>\n<p><strong>Mondial de l&rsquo;Auto-Destruction 2008<br \/>\nParis, Porte de Versailles<br \/>\n4-19 octobre 2008<\/strong><\/p>\n<p>Cette ann\u00e9e encore le Mondial de l\u2019Auto aura lieu \u00e0 Paris en octobre 2008 pour faire fonctionner la machine \u00e0 r\u00eave des consommateurs dans une p\u00e9riode ou g\u00e9n\u00e9ralement tout le monde est au r\u00e9gime, prix de l&rsquo;essence en hausse et pouvoir d&rsquo;achat en berne.<\/p>\n<p><!--more--><\/p>\n<p>Avec la hausse ininterrompue du p\u00e9trole, les \u00e9missions massives de CO2 et le r\u00e9chauffement climatique, nul doute que ce Mondial de l&rsquo;automobile va nous pr\u00e9senter un grand nombre de mod\u00e8les hybrides, semi\u00e9lectriques, \u00e0 consommation faible, \u00e0 l\u2019hydrog\u00e8ne, \u00e0 l\u2019\u00e9thanol ou autres n\u00e9cro-carburants, etc. affichant bien s\u00fbr des prix effarants qui les rendent difficilement accessibles!<\/p>\n<p>Et oui, les constructeurs et l\u2019industrie automobile veulent nous le faire savoir : la voiture propre c\u2019est pour bient\u00f4t! (Enfin\u2026 \u00e7a fait longtemps qu\u2019ils ont la technologie\u2026 mais pour l\u2019imm\u00e9diat, l\u2019essentiel c\u2019est que c\u2019est bon pour l\u2019image!)<\/p>\n<p>Bravo d&rsquo;avance au Mondial de l\u2019Auto-destruction de permettre aux dociles consommateurs de rester la conscience tranquille pendant que les innovations technologiques (?!) r\u00e8glent la crise environnementale! On se sent beaucoup mieux avec une couche de peinture verte sur la conscience! En avant l&rsquo;\u00e9co-blanchiment et le greenwashing!<\/p>\n<p>Mais est-ce que l\u2019environnement est la seule tare de l\u2019industrie automobile? Le Mondial de l&rsquo;Auto c&rsquo;est aussi beaucoup l\u2019obsession de la performance et la surconsommation de mod\u00e8les \u00e9ph\u00e9m\u00e8res qui deviennent v\u00e9tustes apr\u00e8s quelques ann\u00e9es. C&rsquo;est aussi un rassemblement autour d&rsquo;un des symboles culturels les plus forts de notre soci\u00e9t\u00e9, avec tous ces gens qui vont r\u00eaver devant des bolides qu&rsquo;ils ne peuvent se permettre tandis qu&rsquo;ils se font app\u00e2ter par les programmes de cr\u00e9dit et de paiements diff\u00e9r\u00e9s. Polluez maintenant, ne payez jamais!<\/p>\n<p>En fait, la voiture est nuisible pour des raisons qui d\u00e9passent de beaucoup les \u00e9manations polluantes. Si on prend en compte l&rsquo;espace public qu&rsquo;elle fait dispara\u00eetre en colonisant la rue; Si on prend en compte les accidents qu&rsquo;elle cause et la mortalit\u00e9 qu&rsquo;elle engendre; Si on prend en compte bruit, odeur et individualisme; Si on prend en compte la d\u00e9pendance aux carburants fossiles et ses cons\u00e9quences politiques; Vraiment, m\u00eame si l&rsquo;auto roulait \u00e0 l&rsquo;eau claire et bien elle serait quand m\u00eame un probl\u00e8me de soci\u00e9t\u00e9!<\/p>\n<p><strong>10 choses qu&rsquo;on ne vous dit pas&#8230; au Mondial de l&rsquo;Auto-(Destruction!)<\/strong><\/p>\n<ol>\n<li>Chaque jour dans le monde, 3200 personnes meurent dans des accidents de la circulation alors que 30 000 autres personnes sont s\u00e9rieusement bless\u00e9es . Cela repr\u00e9sente donc 1,2 millions de morts par ann\u00e9e, c&rsquo;est-\u00e0-dire l&rsquo;\u00e9quivalent des victimes du World Trade Center chaque jour! (The Guardian, 18 janvier 2003).<\/li>\n<li>\n<p>L&rsquo;industrie de l&rsquo;automobile r\u00e9investit annuellement 2,6 milliards de dollards en publicit\u00e9 pour nous vendre l&rsquo;id\u00e9e de la libert\u00e9 et de la performance. Les m\u00e9dias d\u00e9pendants de ces revenus publicitaires \u00e9vitent plus souvent qu&rsquo;autrement d&rsquo;aborder la servitude et la destruction qu&rsquo;entra\u00eene notre culture de l&rsquo;automobile. ( Richard Bergeron, Livre noir de l&rsquo;automobile)<\/p>\n<\/li>\n<li>\n<p>Environ 85% des victimes de la route ne sont pas des automobilistes! En effet, dans les pays \u00e0 bas ou moyens revenus plusieurs n\u2019ont jamais poss\u00e9d\u00e9 de voiture Ce privil\u00e8ge des uns cr\u00e9e le danger pour les autres : pi\u00e9tons, cyclistes et passagers des transports en commun. (The Guardian, 18 janvier 2003).<\/p>\n<\/li>\n<li>\n<p>Les enfants vivant en bordure des routes fr\u00e9quent\u00e9es par plus de 20000 v\u00e9hicules par jour ont six fois plus de chance de d\u00e9velopper un cancer que ceux qui vivent aux abords de voies peu parcourues (moins de 500 v\u00e9hicules par jour) (Monitor Publishing, avril 2000).<\/p>\n<\/li>\n<li>\n<p>Les automobiles entra\u00eenent la d\u00e9pendance de nos soci\u00e9t\u00e9s aux carburants fossiles! L&rsquo;automobile est responsable du tiers de la consommation de p\u00e9trole mondiale. Par ailleurs, chaque ann\u00e9e, 6 millions de tonnes de p\u00e9trole sont rejet\u00e9es dans les mers durant son transport. (<a title=\"http:\/\/daac.gsfc.nasa.gov\/\" href=\"https:\/\/daac.gsfc.nasa.gov\/\" target=\"_blank\">http:\/\/daac.gsfc.nasa.gov\/<\/a>).<\/p>\n<\/li>\n<li>\n<p>La voiture colonise l&rsquo;espace public! Aux \u00c9tats-Unis, elle monopolise 40% de l\u2019espace urbain et occupe trois fois plus de place que le logement d\u2019une personne (Transportation Alternatives; New Transportation Vision).<\/p>\n<\/li>\n<li>\n<p>Un quart des d\u00e9g\u00e2ts \u00e9cologiques engendr\u00e9s par l\u2019automobile r\u00e9sulte de sa production (Stattauto and the Green Consumer Guide). Par ailleurs, une automobile moyenne produit l\u2019\u00e9quivalent de son propre poids en dioxyde de carbone chaque ann\u00e9e (environ 300 millions de tonnes \u00e0 l\u2019\u00e9chelle mondiale).<\/p>\n<\/li>\n<li>\n<p>La voiture cr\u00e9e l&rsquo;isolement et l&rsquo;apathie. L\u2019Am\u00e9ricain-e moyen passe le quart de son temps de veille, soit 1200 heures par ann\u00e9es, assis dans sa voiture ou \u00e0 travailler pour payer celle-ci. (Transportation Alternatives)<\/p>\n<\/li>\n<li>\n<p>Deux voies de chemin de fer peuvent transporter autant de passagers par heure que seize voies d\u2019autoroute. Dans un cas, il ne faut que 15 m\u00e8tres de large, dans l\u2019autre, 120 m\u00e8tres (New Transportation Vision).<\/p>\n<\/li>\n<li>\n<p>Au del\u00e0 des co\u00fbts environnementaux l&rsquo;automobile est le symbole d&rsquo;un syst\u00e8me de valeurs qui suppose la d\u00e9pendance, le gaspillage, l\u2019in\u00e9galit\u00e9 face \u00e0 la mobilit\u00e9 et le carnage quotidien. (James McGurn, \u00e9cologiste urbain)<\/p>\n<\/li>\n<\/ol>\n<p><strong>Carfree France met \u00e0 votre disposition un tract ainsi que du mat\u00e9riel de communication pour pr\u00e9parer le prochain mondial de l\u2019autodestruction qui aura lieu \u00e0 Paris, Porte de Versailles, du 4 au 19 octobre 2008. Vous pouvez imprimer le tract et venir le distribuer au public \u00e0 l\u2019entr\u00e9e du mondial tous les jours de 10h \u00e0 20h.<\/strong><br \/>\n<a title=\"mondial-automobile-2008.jpg\" href=\"http:\/\/carfree.fr\/mondial-2008\/mondial-automobile-2008.jpg\" target=\"_blank\">T\u00e9l\u00e9charger le visuel \u00ab\u00a0Mondial de l&rsquo;auto-destruction 2008\u00a0\u00bb au format jpg (775*933 pixels, 200 Ko) <\/a><\/p>\n<p><a title=\"tract-mondial-2008.pdf\" href=\"http:\/\/carfree.fr\/mondial-2008\/tract-mondial-2008.pdf\" target=\"_blank\">T\u00e9l\u00e9charger le tract \u00ab\u00a0Mondial de l&rsquo;autodestruction 2008\u00a0\u00bb au format pdf (61 Ko)<\/a><\/p>\n<p>Quelques logos sont \u00e9galement disponibles:<\/p>\n<p><a title=\"http:\/\/carfree.fr\/\" href=\"http:\/\/carfree.fr\/\"><img decoding=\"async\" loading=\"lazy\" src=\"http:\/\/carfree.fr\/mondial-2008\/logo-2008.jpg\" alt=\"logo-2008\" width=\"169\" height=\"134\" \/><\/a><\/p>\n<p><a title=\"http:\/\/carfree.fr\/\" href=\"http:\/\/carfree.fr\/\"><img decoding=\"async\" loading=\"lazy\" src=\"http:\/\/carfree.fr\/wp-content\/themes\/mimbo2.2\/images\/mondial-auto-destruction-2008-min.jpg\" alt=\"mondial-auto-destruction-2008-min\" width=\"51\" height=\"51\" \/><\/a><\/p>\n<p><a title=\"http:\/\/carfree.fr\/\" href=\"http:\/\/carfree.fr\/\"><img decoding=\"async\" loading=\"lazy\" src=\"http:\/\/carfree.fr\/wp-content\/themes\/mimbo2.2\/images\/mondial-auto-destruction-2008-max.jpg\" alt=\"mondial-auto-destruction-2008-max\" width=\"269\" height=\"178\" \/><\/a><\/p>\n<p><a title=\"http:\/\/carfree.fr\/\" href=\"http:\/\/carfree.fr\/\"><img decoding=\"async\" loading=\"lazy\" src=\"http:\/\/carfree.fr\/mondial-2008\/mondial-automobile-2008-bandeau.jpg\" alt=\"mondial-automobile-2008-bandeau.jpg\" width=\"255\" height=\"88\" \/><\/a><\/p>\n","protected":false},"excerpt":{"rendered":"<p>Paris, Porte de Versailles 4-19 octobre 2008. Cette ann\u00e9e encore le Mondial de l\u2019Auto aura lieu \u00e0 Paris en octobre 2008 pour faire fonctionner la machine \u00e0 r\u00eave des consommateurs dans une p\u00e9riode ou g\u00e9n\u00e9ralement tout le monde est au r\u00e9gime, prix de l&rsquo;essence en hausse et pouvoir d&rsquo;achat en berne [&#8230;] <a class=\"more-link\" href=\"https:\/\/carfree.fr\/index.php\/2008\/06\/27\/mondial-de-lauto-destruction-2008\/\">Lire la suite&#8230;<\/a><\/p>\n","protected":false},"author":1390,"featured_media":28916,"comment_status":"open","ping_status":"open","sticky":false,"template":"","format":"standard","meta":[],"categories":[52,73,124],"tags":[31,85,53,351,126,429,106,41,213,176],"views":6480,"_links":{"self":[{"href":"https:\/\/carfree.fr\/index.php\/wp-json\/wp\/v2\/posts\/505"}],"collection":[{"href":"https:\/\/carfree.fr\/index.php\/wp-json\/wp\/v2\/posts"}],"about":[{"href":"https:\/\/carfree.fr\/index.php\/wp-json\/wp\/v2\/types\/post"}],"author":[{"embeddable":true,"href":"https:\/\/carfree.fr\/index.php\/wp-json\/wp\/v2\/users\/1390"}],"replies":[{"embeddable":true,"href":"https:\/\/carfree.fr\/index.php\/wp-json\/wp\/v2\/comments?post=505"}],"version-history":[{"count":0,"href":"https:\/\/carfree.fr\/index.php\/wp-json\/wp\/v2\/posts\/505\/revisions"}],"wp:featuredmedia":[{"embeddable":true,"href":"https:\/\/carfree.fr\/index.php\/wp-json\/"}],"wp:attachment":[{"href":"https:\/\/carfree.fr\/index.php\/wp-json\/wp\/v2\/media?parent=505"}],"wp:term":[{"taxonomy":"category","embeddable":true,"href":"https:\/\/carfree.fr\/index.php\/wp-json\/wp\/v2\/categories?post=505"},{"taxonomy":"post_tag","embeddable":true,"href":"https:\/\/carfree.fr\/index.php\/wp-json\/wp\/v2\/tags?post=505"}],"curies":[{"name":"wp","href":"https:\/\/api.w.org\/{rel}","templated":true}]}}