{"id":507,"date":"2008-06-14T17:14:01","date_gmt":"2008-06-14T16:14:01","guid":{"rendered":"http:\/\/carfree.fr\/index.php\/2008\/06\/14\/pour-une-reappropriation-de-lespace-public\/"},"modified":"2018-10-29T16:13:59","modified_gmt":"2018-10-29T15:13:59","slug":"pour-une-reappropriation-de-lespace-public","status":"publish","type":"post","link":"https:\/\/carfree.fr\/index.php\/2008\/06\/14\/pour-une-reappropriation-de-lespace-public\/","title":{"rendered":"Pour une r\u00e9appropriation de l\u2019espace public"},"content":{"rendered":"<p>Une place de stationnement constitue-t-elle un espace public ? C\u2019est en tout cas un espace qui peut \u00eatre lou\u00e9, durant quelques heures et moyennant quelques pi\u00e8ces dans un horodateur, pour y placer ce qui est vu comme une extension de l\u2019espace priv\u00e9 : une automobile. Mais pour qui n\u2019a pas de voiture, comment se r\u00e9approprier cet espace ? Le 10 juin dernier la CREP de Strasbourg (Collectif de R\u00e9appropriation de l&rsquo;Espace Public) \u00e9tait au parking Saint-Thomas pour tenter l\u2019exp\u00e9rience. <!--more--><\/p>\n<p>Pour des raisons \u00e9cologiques, il est pr\u00e9f\u00e9rable de b\u00e2tir des cit\u00e9s denses o\u00f9 les transports en commun pr\u00e9dominent plut\u00f4t que des m\u00e9gapoles \u00e9tendues o\u00f9 les d\u00e9placements en voiture sont la r\u00e8gle. Les parkings en plein air g\u00e2chent une place pr\u00e9cieuse dans nos villes o\u00f9 la chauss\u00e9e occupe un cinqui\u00e8me de l\u2019espace. Implant\u00e9s comme une verrue disgracieuse au c\u0153ur d\u2019un quartier, ils sont l\u2019ennemi de la vie urbaine conviviale.<\/p>\n<p>Et si on rempla\u00e7ait ces places de parking ? Par des boulodromes et des sc\u00e8nes en plein air, par des jardins \u00e0 cultiver ensemble, des guinguettes, des transats, par des stands de r\u00e9paration de v\u00e9los, des minimarch\u00e9s \u00e0 la place des parkings de supermarch\u00e9s, par des for\u00eats d\u2019arbres tendues de hamacs, des places sympathiques ? Par du sable&#8230; pour transformer ces places en plage ?<\/p>\n<p>Alors le temps d\u2019une journ\u00e9e, payons le parcm\u00e8tre et installons-nous sur \u00ab\u00a0notre\u00a0\u00bb place! Que peu \u00e0 peu le parking se transforme, avec autant de propositions d\u2019am\u00e9nagement de cet espace public que de places occup\u00e9es par des citoyens non motoris\u00e9s.<\/p>\n<p><img decoding=\"async\" src=\"http:\/\/carfree.fr\/wp-content\/themes\/mimbo2.2\/images\/reappropriation-espace-public.jpg\" alt=\"reappropriation-espace-public\" \/><\/p>\n<p>Source: <a title=\"http:\/\/crep.strasbourg.free.fr\/\" href=\"http:\/\/crep.strasbourg.free.fr\/\" target=\"_blank\">http:\/\/crep.strasbourg.free.fr\/<\/a><\/p>\n","protected":false},"excerpt":{"rendered":"<p>Une place de stationnement constitue-t-elle un espace public ? C\u2019est en tout cas un espace qui peut \u00eatre lou\u00e9, durant quelques heures et moyennant quelques pi\u00e8ces dans un horodateur, pour <a class=\"more-link\" href=\"https:\/\/carfree.fr\/index.php\/2008\/06\/14\/pour-une-reappropriation-de-lespace-public\/\">Lire la suite&#8230;<\/a><\/p>\n","protected":false},"author":481,"featured_media":41260,"comment_status":"open","ping_status":"open","sticky":false,"template":"","format":"standard","meta":[],"categories":[4],"tags":[181,352,215,133],"views":6516,"_links":{"self":[{"href":"https:\/\/carfree.fr\/index.php\/wp-json\/wp\/v2\/posts\/507"}],"collection":[{"href":"https:\/\/carfree.fr\/index.php\/wp-json\/wp\/v2\/posts"}],"about":[{"href":"https:\/\/carfree.fr\/index.php\/wp-json\/wp\/v2\/types\/post"}],"author":[{"embeddable":true,"href":"https:\/\/carfree.fr\/index.php\/wp-json\/wp\/v2\/users\/481"}],"replies":[{"embeddable":true,"href":"https:\/\/carfree.fr\/index.php\/wp-json\/wp\/v2\/comments?post=507"}],"version-history":[{"count":0,"href":"https:\/\/carfree.fr\/index.php\/wp-json\/wp\/v2\/posts\/507\/revisions"}],"wp:featuredmedia":[{"embeddable":true,"href":"https:\/\/carfree.fr\/index.php\/wp-json\/wp\/v2\/media\/41260"}],"wp:attachment":[{"href":"https:\/\/carfree.fr\/index.php\/wp-json\/wp\/v2\/media?parent=507"}],"wp:term":[{"taxonomy":"category","embeddable":true,"href":"https:\/\/carfree.fr\/index.php\/wp-json\/wp\/v2\/categories?post=507"},{"taxonomy":"post_tag","embeddable":true,"href":"https:\/\/carfree.fr\/index.php\/wp-json\/wp\/v2\/tags?post=507"}],"curies":[{"name":"wp","href":"https:\/\/api.w.org\/{rel}","templated":true}]}}