{"id":520,"date":"2005-06-16T14:10:16","date_gmt":"2005-06-16T13:10:16","guid":{"rendered":"http:\/\/carfree.fr\/index.php\/2005\/06\/16\/ma-voiture-est-plus-puissante-que-la-tienne\/"},"modified":"2024-02-29T10:00:37","modified_gmt":"2024-02-29T09:00:37","slug":"ma-voiture-est-plus-puissante-que-la-tienne","status":"publish","type":"post","link":"https:\/\/carfree.fr\/index.php\/2005\/06\/16\/ma-voiture-est-plus-puissante-que-la-tienne\/","title":{"rendered":"Ma voiture est plus puissante que la tienne"},"content":{"rendered":"<p><span style=\"font-weight: bold\">Ma voiture est plus puissante que la tienne<\/span><\/p>\n<p>Quelques tracts\/slogans et affiches \u00e0 t\u00e9l\u00e9charger et \u00e0 coller dans la ville&#8230; <!--more--><\/p>\n<p>Ma voiture est plus puissante que la tienne<br \/>\nDans ta file en klaxonnant, dans ma ville en p\u00e9dalant<br \/>\nJe suis libre d&rsquo;aller o\u00f9 je veux dans les bouchons<br \/>\nPollution moyenne d&rsquo;expression<br \/>\nMa boite de vitesse c&rsquo;est  mon chant lexical<br \/>\nJe d\u00e9teste les transports en commun, il y a plein de gens qui les prennent<br \/>\nL&rsquo;air du temps est \u00e0 l&rsquo;heure de pointe<br \/>\n(&#8230;)<\/p>\n<p><img decoding=\"async\" loading=\"lazy\" src=\"http:\/\/carfree.fr\/img\/2005\/06\/une-riche-trouvaille-copy.jpg\" alt=\"\" width=\"362\" height=\"500\" class=\"alignnone size-full wp-image-40443\" \/><\/p>\n<p>Source : V\u00e9lo Gang &#8211; Rayons d&rsquo;action<\/p>\n","protected":false},"excerpt":{"rendered":"<p>Ma voiture est plus puissante que la tienne Quelques tracts\/slogans et affiches \u00e0 t\u00e9l\u00e9charger et \u00e0 coller dans la ville&#8230;<\/p>\n","protected":false},"author":11,"featured_media":45854,"comment_status":"open","ping_status":"open","sticky":false,"template":"","format":"standard","meta":[],"categories":[24,7],"tags":[1848,33,1666,1664],"views":4502,"_links":{"self":[{"href":"https:\/\/carfree.fr\/index.php\/wp-json\/wp\/v2\/posts\/520"}],"collection":[{"href":"https:\/\/carfree.fr\/index.php\/wp-json\/wp\/v2\/posts"}],"about":[{"href":"https:\/\/carfree.fr\/index.php\/wp-json\/wp\/v2\/types\/post"}],"author":[{"embeddable":true,"href":"https:\/\/carfree.fr\/index.php\/wp-json\/wp\/v2\/users\/11"}],"replies":[{"embeddable":true,"href":"https:\/\/carfree.fr\/index.php\/wp-json\/wp\/v2\/comments?post=520"}],"version-history":[{"count":0,"href":"https:\/\/carfree.fr\/index.php\/wp-json\/wp\/v2\/posts\/520\/revisions"}],"wp:featuredmedia":[{"embeddable":true,"href":"https:\/\/carfree.fr\/index.php\/wp-json\/wp\/v2\/media\/45854"}],"wp:attachment":[{"href":"https:\/\/carfree.fr\/index.php\/wp-json\/wp\/v2\/media?parent=520"}],"wp:term":[{"taxonomy":"category","embeddable":true,"href":"https:\/\/carfree.fr\/index.php\/wp-json\/wp\/v2\/categories?post=520"},{"taxonomy":"post_tag","embeddable":true,"href":"https:\/\/carfree.fr\/index.php\/wp-json\/wp\/v2\/tags?post=520"}],"curies":[{"name":"wp","href":"https:\/\/api.w.org\/{rel}","templated":true}]}}