{"id":5233,"date":"2009-11-18T15:02:13","date_gmt":"2009-11-18T14:02:13","guid":{"rendered":"http:\/\/carfree.fr\/?p=5233"},"modified":"2021-09-22T12:54:02","modified_gmt":"2021-09-22T11:54:02","slug":"betisier-des-pistes-cyclables-merdiques","status":"publish","type":"post","link":"https:\/\/carfree.fr\/index.php\/2009\/11\/18\/betisier-des-pistes-cyclables-merdiques\/","title":{"rendered":"B\u00eatisier des pistes cyclables merdiques"},"content":{"rendered":"<p>Qui n&rsquo;a jamais \u00e9t\u00e9 confront\u00e9 \u00e0 un am\u00e9nagement cyclable construit en d\u00e9pit du bon sens? Tous les cyclistes savent que la plupart des am\u00e9nagements cyclables sont pens\u00e9s et mis en place par des gens qui ne pratiquent pas le v\u00e9lo. Et dans certains cas, les am\u00e9nagements cyclables deviennent compl\u00e8tement absurdes ou m\u00eame carr\u00e9ment dangereux&#8230; <!--more--><\/p>\n<p>Le site internet du journal britannique <a title=\"http:\/\/www.guardian.co.uk\/environment\/gallery\/2009\/oct\/20\/crap-cycle-lanes?picture=354515426\" href=\"http:\/\/www.guardian.co.uk\/environment\/gallery\/2009\/oct\/20\/crap-cycle-lanes?picture=354515426\" target=\"_blank\" rel=\"noopener\">The Guardian<\/a> a mis en ligne une dizaine de photos tir\u00e9es du livre \u00ab\u00a0Pistes cyclables merdiques\u00a0\u00bb, du Warrington Cycle Campaign, un organisme britannique de promotion du v\u00e9lo.<\/p>\n<p><img decoding=\"async\" loading=\"lazy\" src=\"http:\/\/carfree.fr\/img\/2009\/11\/Warrington-Cycle-Campaign-002.jpg\" alt=\"Warrington-Cycle-Campaign-002\" width=\"520\" height=\"390\" \/><\/p>\n<p>Le livre rassemble 50 des pires exemples d&rsquo;am\u00e9nagements pour les cyclistes, des plus amusantes aux plus dangereuses. Il s&rsquo;agit d&rsquo;un livre \u00e9dit\u00e9 par Warrington Cycle Campaign et qui est disponible sur <a title=\"http:\/\/www.amazon.co.uk\/Crap-Cycle-Lanes-Warrington-Campaign\/dp\/1903070589\" href=\"http:\/\/www.amazon.co.uk\/Crap-Cycle-Lanes-Warrington-Campaign\/dp\/1903070589\" target=\"_blank\" rel=\"noopener\">Amazon<\/a>.<\/p>\n<p><img decoding=\"async\" loading=\"lazy\" src=\"http:\/\/carfree.fr\/img\/2009\/11\/Warrington-Cycle-Campaign-004.jpg\" alt=\"Warrington-Cycle-Campaign-004\" width=\"630\" height=\"390\" \/><\/p>\n<p>The Guardian nous apprend \u00e9galement \u00e0 cette occasion qu&rsquo;on peut t\u00e9l\u00e9charger des photos d&rsquo;am\u00e9nagements cyclables aberrants sur le c\u00e9l\u00e8bre site de photos en ligne <a title=\"http:\/\/www.flickr.com\/groups\/1239331@N20\/\" href=\"http:\/\/www.flickr.com\/groups\/1239331@N20\/\" target=\"_blank\" rel=\"noopener\">Flickr<\/a>. La rubrique s&rsquo;appelle \u00ab\u00a0Les pires am\u00e9nagements cyclables du monde\u00a0\u00bb et comprend d\u00e9j\u00e0 plus d&rsquo;une centaine de photos et plus de 200 membres!<\/p>\n<p><img decoding=\"async\" loading=\"lazy\" src=\"http:\/\/carfree.fr\/img\/2009\/11\/Warrington-Cycle-Campaign-008.jpg\" alt=\"Warrington-Cycle-Campaign-008\" width=\"520\" height=\"390\" \/><\/p>\n<p>Du c\u00f4t\u00e9 fran\u00e7ais, il existe le c\u00e9l\u00e8bre <a href=\"http:\/\/carfree.fr\/index.php\/2020\/06\/24\/guide-des-amenagements-cyclables-merdiques\/\" target=\"_blank\" rel=\"noopener\">Guide des am\u00e9nagements cyclables merdiques<\/a> r\u00e9alis\u00e9 par&#8230; Carfree France.<\/p>\n","protected":false},"excerpt":{"rendered":"<p>Qui n&rsquo;a jamais \u00e9t\u00e9 confront\u00e9 \u00e0 un am\u00e9nagement cyclable construit en d\u00e9pit du bon sens? Tous les cyclistes savent que la plupart des am\u00e9nagements cyclables sont pens\u00e9s et mis en <a class=\"more-link\" href=\"https:\/\/carfree.fr\/index.php\/2009\/11\/18\/betisier-des-pistes-cyclables-merdiques\/\">Lire la suite&#8230;<\/a><\/p>\n","protected":false},"author":37,"featured_media":36432,"comment_status":"open","ping_status":"open","sticky":false,"template":"","format":"standard","meta":[],"categories":[4,1038,7],"tags":[1709,146,498,350,456,11,646,333,846,318,18,61,178,176,574,1664,34],"views":14148,"_links":{"self":[{"href":"https:\/\/carfree.fr\/index.php\/wp-json\/wp\/v2\/posts\/5233"}],"collection":[{"href":"https:\/\/carfree.fr\/index.php\/wp-json\/wp\/v2\/posts"}],"about":[{"href":"https:\/\/carfree.fr\/index.php\/wp-json\/wp\/v2\/types\/post"}],"author":[{"embeddable":true,"href":"https:\/\/carfree.fr\/index.php\/wp-json\/wp\/v2\/users\/37"}],"replies":[{"embeddable":true,"href":"https:\/\/carfree.fr\/index.php\/wp-json\/wp\/v2\/comments?post=5233"}],"version-history":[{"count":0,"href":"https:\/\/carfree.fr\/index.php\/wp-json\/wp\/v2\/posts\/5233\/revisions"}],"wp:featuredmedia":[{"embeddable":true,"href":"https:\/\/carfree.fr\/index.php\/wp-json\/wp\/v2\/media\/36432"}],"wp:attachment":[{"href":"https:\/\/carfree.fr\/index.php\/wp-json\/wp\/v2\/media?parent=5233"}],"wp:term":[{"taxonomy":"category","embeddable":true,"href":"https:\/\/carfree.fr\/index.php\/wp-json\/wp\/v2\/categories?post=5233"},{"taxonomy":"post_tag","embeddable":true,"href":"https:\/\/carfree.fr\/index.php\/wp-json\/wp\/v2\/tags?post=5233"}],"curies":[{"name":"wp","href":"https:\/\/api.w.org\/{rel}","templated":true}]}}