{"id":536,"date":"2006-02-26T13:11:06","date_gmt":"2006-02-26T12:11:06","guid":{"rendered":"http:\/\/carfree.fr\/index.php\/2006\/02\/26\/comment-cuba-a-survecu-a-une-grave-penurie-de-petrole\/"},"modified":"2020-08-28T15:41:04","modified_gmt":"2020-08-28T14:41:04","slug":"comment-cuba-a-survecu-a-une-grave-penurie-de-petrole","status":"publish","type":"post","link":"https:\/\/carfree.fr\/index.php\/2006\/02\/26\/comment-cuba-a-survecu-a-une-grave-penurie-de-petrole\/","title":{"rendered":"Comment Cuba a surv\u00e9cu \u00e0 une grave p\u00e9nurie de p\u00e9trole"},"content":{"rendered":"<p><img decoding=\"async\" loading=\"lazy\" src=\"http:\/\/carfree.fr\/img\/2006\/02\/cuba.jpg\" alt=\"\" width=\"400\" height=\"110\" class=\"alignnone size-full wp-image-40165\" \/><\/p>\n<p>Un nouveau film sur Cuba : non, ce n\u2019est pas \u201cBuena Vista Social Club : le retour\u201d, mais un documentaire sur la fa\u00e7on dont les Cubains se sont d\u00e9brouill\u00e9s dans les ann\u00e9es 90 lorsqu\u2019ils ont \u00e9t\u00e9 priv\u00e9s du p\u00e9trole sovi\u00e9tique. Je viens d\u2019apprendre l\u2019existence de ce film en lisant le forum de powerswitch.org.uk, et il semble tr\u00e8s int\u00e9ressant. <!--more--><\/p>\n<p>Renseignements sur : <a href=\"http:\/\/www.communitysolution.org\/\" set=\"yes\" linkindex=\"12\" target=\"_blank\">http:\/\/www.communitysolution.org\/<\/a><\/p>\n<p>Il n\u2019est pas pr\u00e9cis\u00e9 s\u2019il s\u2019agit d\u2019un DVD d\u00e9zon\u00e9 comme \u201c<a href=\"http:\/\/carfree.fr\/index.php\/2008\/07\/07\/la-fin-de-suburbia-lepuisement-des-reserves-de-petrole-et-leffondrement-du-reve-americain\/\" title=\"http:\/\/carfree.fr\/index.php\/2008\/07\/07\/la-fin-de-suburbia-lepuisement-des-reserves-de-petrole-et-leffondrement-du-reve-americain\/\" set=\"yes\" linkindex=\"13\">the End of Suburbia<\/a>\u201c. Les Peakniks londoniens dont je fais partie pr\u00e9voient d\u2019aller voir en groupe \u201cSyriana\u201d le vendredi 3 mars, date de sa sortie nationale ici. Je viens de lire la critique mitig\u00e9e de T\u00e9l\u00e9rama.<\/p>\n<p>Pour info : les d\u00e9clarations de James Howard Kunstler et Richard Heinberg dans \u201cThe End of Suburbia\u201d viennent d\u2019\u00eatre traduites ces jours-ci sur <a href=\"http:\/\/carfree.fr\/index.php\/2008\/03\/07\/les-lotissements-periurbains-seront-les-bidonvilles-du-futur\/\" title=\"http:\/\/carfree.fr\/index.php\/2008\/03\/07\/les-lotissements-periurbains-seront-les-bidonvilles-du-futur\/\" set=\"yes\" linkindex=\"14\">http:\/\/carfree.fr<\/a><\/p>\n","protected":false},"excerpt":{"rendered":"<p>Un nouveau film sur Cuba : non, ce n\u2019est pas \u201cBuena Vista Social Club : le retour\u201d, mais un documentaire sur la fa\u00e7on dont les Cubains se sont d\u00e9brouill\u00e9s dans <a class=\"more-link\" href=\"https:\/\/carfree.fr\/index.php\/2006\/02\/26\/comment-cuba-a-survecu-a-une-grave-penurie-de-petrole\/\">Lire la suite&#8230;<\/a><\/p>\n","protected":false},"author":38,"featured_media":28125,"comment_status":"open","ping_status":"open","sticky":false,"template":"","format":"standard","meta":[],"categories":[6],"tags":[658,196,45,274,142],"views":4039,"_links":{"self":[{"href":"https:\/\/carfree.fr\/index.php\/wp-json\/wp\/v2\/posts\/536"}],"collection":[{"href":"https:\/\/carfree.fr\/index.php\/wp-json\/wp\/v2\/posts"}],"about":[{"href":"https:\/\/carfree.fr\/index.php\/wp-json\/wp\/v2\/types\/post"}],"author":[{"embeddable":true,"href":"https:\/\/carfree.fr\/index.php\/wp-json\/wp\/v2\/users\/38"}],"replies":[{"embeddable":true,"href":"https:\/\/carfree.fr\/index.php\/wp-json\/wp\/v2\/comments?post=536"}],"version-history":[{"count":0,"href":"https:\/\/carfree.fr\/index.php\/wp-json\/wp\/v2\/posts\/536\/revisions"}],"wp:featuredmedia":[{"embeddable":true,"href":"https:\/\/carfree.fr\/index.php\/wp-json\/"}],"wp:attachment":[{"href":"https:\/\/carfree.fr\/index.php\/wp-json\/wp\/v2\/media?parent=536"}],"wp:term":[{"taxonomy":"category","embeddable":true,"href":"https:\/\/carfree.fr\/index.php\/wp-json\/wp\/v2\/categories?post=536"},{"taxonomy":"post_tag","embeddable":true,"href":"https:\/\/carfree.fr\/index.php\/wp-json\/wp\/v2\/tags?post=536"}],"curies":[{"name":"wp","href":"https:\/\/api.w.org\/{rel}","templated":true}]}}