{"id":5403,"date":"2009-11-27T09:22:04","date_gmt":"2009-11-27T08:22:04","guid":{"rendered":"http:\/\/carfree.fr\/?p=5403"},"modified":"2021-11-16T10:13:11","modified_gmt":"2021-11-16T09:13:11","slug":"petit-decalogue-de-desedentarisation-citoyenne-et-de-mobilite-active","status":"publish","type":"post","link":"https:\/\/carfree.fr\/index.php\/2009\/11\/27\/petit-decalogue-de-desedentarisation-citoyenne-et-de-mobilite-active\/","title":{"rendered":"Petit d\u00e9calogue de d\u00e9s\u00e9dentarisation citoyenne et de mobilit\u00e9 active"},"content":{"rendered":"<p><img decoding=\"async\" loading=\"lazy\" title=\"decalogue\" src=\"http:\/\/carfree.fr\/images\/decalogue.jpg\" alt=\"decalogue\" width=\"420\" height=\"200\" \/><\/p>\n<p>\u00c0 utiliser sans mod\u00e9ration &#8211; En utilisant mon corps comme moteur de mes d\u00e9placements (\u00e0 pied ou \u00e0 v\u00e9lo): je prends soin&#8230; <!--more--><\/p>\n<p><em>de moi<\/em><br \/>\nje suis auto-mobile et auto-nome (je ne me plie pas aux lois de la consommation)<\/p>\n<p><em>de ma sant\u00e9<\/em><br \/>\nles d\u00e9placements actifs consentent les 30\u2019 d\u2019effort mod\u00e9r\u00e9 ou aux 10\u2019000 pas quotidiens recommand\u00e9s pour me tenir en forme (moins de maladies cardiovasculaires, tumorales et neurologiques)<\/p>\n<p><em>de mon temps<\/em><br \/>\nmes d\u00e9placements sont des moments que je me donne pour r\u00e9fl\u00e9chir ou me ressourcer<\/p>\n<p><em>de mon humeur<\/em><br \/>\nl\u2019activit\u00e9 physique me met de bonne disposition au travail et \u00e0 la maison<\/p>\n<p><em>de ma libert\u00e9<\/em><br \/>\nje peux m\u2019arr\u00eater quand je veux pour regarder, sentir, \u00e9couter ce que je choisis<\/p>\n<p><em>de mes enfants<\/em><br \/>\nje peux leur parler, et leur apprendre le gout de l\u2019effort et la patience<\/p>\n<p><em>de mes amis<\/em><br \/>\nje leur offre ma compagnie, je leur fais cadeau d\u2019un air de qualit\u00e9, d\u2019un environnement sans bruit et sans dangers<\/p>\n<p><em>de mon porte-monnaie<\/em><br \/>\nmais ce n\u2019est qu\u2019un des sens que je donne au mot \u00e9co-nome<\/p>\n<p><em>de ma ville<\/em><br \/>\nje la soulage des embouteillage et je lui rends sa beaut\u00e9<\/p>\n<p><em>de mon futur<\/em><br \/>\nparce que je veux changer le monde, en commen\u00e7ant ici, aujourd\u2019hui et par moi-m\u00eame<\/p>\n<p>Source: L&rsquo;Autre Salon<\/p>\n<p>Photo: andy_c<\/p>\n","protected":false},"excerpt":{"rendered":"<p>\u00c0 utiliser sans mod\u00e9ration &#8211; En utilisant mon corps comme moteur de mes d\u00e9placements (\u00e0 pied ou \u00e0 v\u00e9lo): je prends soin&#8230;<\/p>\n","protected":false},"author":616,"featured_media":5404,"comment_status":"open","ping_status":"open","sticky":false,"template":"","format":"standard","meta":[],"categories":[4,9,7],"tags":[244,130,188,306,646,138,588,308,99,135,134,61,522,101,320,232,164,1664,34],"views":5243,"_links":{"self":[{"href":"https:\/\/carfree.fr\/index.php\/wp-json\/wp\/v2\/posts\/5403"}],"collection":[{"href":"https:\/\/carfree.fr\/index.php\/wp-json\/wp\/v2\/posts"}],"about":[{"href":"https:\/\/carfree.fr\/index.php\/wp-json\/wp\/v2\/types\/post"}],"author":[{"embeddable":true,"href":"https:\/\/carfree.fr\/index.php\/wp-json\/wp\/v2\/users\/616"}],"replies":[{"embeddable":true,"href":"https:\/\/carfree.fr\/index.php\/wp-json\/wp\/v2\/comments?post=5403"}],"version-history":[{"count":0,"href":"https:\/\/carfree.fr\/index.php\/wp-json\/wp\/v2\/posts\/5403\/revisions"}],"wp:featuredmedia":[{"embeddable":true,"href":"https:\/\/carfree.fr\/index.php\/wp-json\/"}],"wp:attachment":[{"href":"https:\/\/carfree.fr\/index.php\/wp-json\/wp\/v2\/media?parent=5403"}],"wp:term":[{"taxonomy":"category","embeddable":true,"href":"https:\/\/carfree.fr\/index.php\/wp-json\/wp\/v2\/categories?post=5403"},{"taxonomy":"post_tag","embeddable":true,"href":"https:\/\/carfree.fr\/index.php\/wp-json\/wp\/v2\/tags?post=5403"}],"curies":[{"name":"wp","href":"https:\/\/api.w.org\/{rel}","templated":true}]}}