{"id":5409,"date":"2009-11-27T12:56:54","date_gmt":"2009-11-27T11:56:54","guid":{"rendered":"http:\/\/carfree.fr\/?p=5409"},"modified":"2021-01-07T17:44:30","modified_gmt":"2021-01-07T16:44:30","slug":"renault-zero-emission-ou-le-stade-supreme-du-blanchiment-ecologique","status":"publish","type":"post","link":"https:\/\/carfree.fr\/index.php\/2009\/11\/27\/renault-zero-emission-ou-le-stade-supreme-du-blanchiment-ecologique\/","title":{"rendered":"Renault \u00ab\u00a0Z\u00e9ro Emission\u00a0\u00bb ou le stade supr\u00eame du blanchiment \u00e9cologique"},"content":{"rendered":"<p><img decoding=\"async\" loading=\"lazy\" title=\"lunette_greenwashing_renault-ze\" src=\"http:\/\/carfree.fr\/images\/lunette_greenwashing_renault-ze.jpg\" alt=\"lunette_greenwashing_renault-ze\" width=\"420\" height=\"200\" \/><\/p>\n<p>Ces jours-ci, Renault pr\u00e9sente \u00e0 la presse et \u00e0 de nombreux \u00ab\u00a0<em>blogueurs influents<\/em>\u00a0\u00bb sa nouvelle gamme de voitures \u00e9lectriques pr\u00e9sent\u00e9e comme \u00ab\u00a0<em>Z\u00e9ro Emissions<\/em>\u00a0\u00bb (Renault ZE). Il est assez pitoyable de voir fleurir sur des blogs qui se disent \u00ab\u00a0\u00e9cologiques\u00a0\u00bb des articles sponsoris\u00e9s qui vantent la \u00ab\u00a0<em>r\u00e9volution \u00e9cologique<\/em>\u00a0\u00bb de Renault&#8230; La r\u00e9alit\u00e9, c&rsquo;est que Renault trompe le public. Le bilan environnemental de l&rsquo;auto \u00e9lectrique n&rsquo;est pas vraiment tr\u00e8s bon, mais le bilan commercial de cette affaire est quant \u00e0 lui probablement tr\u00e8s int\u00e9ressant pour Renault&#8230; <!--more--><\/p>\n<p>Alors que Renault organise ce jour une s\u00e9rie d&rsquo;essais \u00e0 l&rsquo;attention de la presse (alias le ZE.shooting dynamique&#8230;) visant \u00e0 promouvoir sa nouvelle gamme de voitures \u00e9lectriques dite Z\u00e9ro Emission, l&rsquo;association Agir pour l&rsquo;Environnement met en ligne un site internet <a title=\"http:\/\/www.renault-ze.fr\/\" href=\"http:\/\/www.renault-ze.fr\/\" target=\"_blank\">http:\/\/www.renault-ze.fr<\/a> dont le but est de d\u00e9noncer l&rsquo;op\u00e9ration de blanchiment \u00e9cologique mis en \u0153uvre par le constructeur automobile fran\u00e7ais. Un argumentaire fiable et pr\u00e9cis est ainsi mis en ligne sur ce site associatif.<\/p>\n<p>La crise qui frappe le secteur automobile am\u00e8ne certains constructeurs \u00e0 privil\u00e9gier des slogans qui fleurent bon la publicit\u00e9 mensong\u00e8re. En laissant penser qu&rsquo;une voiture \u00e9lectrique serait (par essence) sans \u00e9mission de gaz \u00e0 effet de serre, Renault semble tenter d&rsquo;occulter le bilan carbone li\u00e9 \u00e0 la construction du v\u00e9hicule et celui induit par la production de l&rsquo;\u00e9lectricit\u00e9, qui selon les heures peut s&rsquo;av\u00e9rer extr\u00eamement carbon\u00e9e. Pour l&rsquo;association, \u00e0 l&rsquo;approche de Copenhague, l&rsquo;excellence climatique semble se r\u00e9sumer \u00e0 des simples arguments mensongers.<\/p>\n<p>Dans une \u00e9tude dat\u00e9e de juillet 2009 intitul\u00e9e <em>\u00ab\u00a0Les transports \u00e9lectriques en France \u00ab\u00a0<\/em>, l&rsquo;Ademe consid\u00e8re pourtant que <em>\u00ab concernant les \u00e9missions de CO2, les v\u00e9hicules particuliers \u00e9lectriques ne pr\u00e9sentent pas un bilan global, &lsquo;du puits \u00e0 la roue&rsquo; syst\u00e9matiquement \u00e0 leur avantage par rapport aux autres modes de transport, notamment par rapport au v\u00e9hicule thermique. \u00bb<\/em><\/p>\n<p>De plus, dans les sc\u00e9narios les plus optimistes, les v\u00e9hicules \u00e9lectriques, dont le bilan carbone est loin d&rsquo;\u00eatre positif, ne repr\u00e9senteront que 3% du parc automobile hexagonal en 2020&#8230; Renault tente de faire passer un v\u00e9hicule de niche r\u00e9serv\u00e9 aux d\u00e9placements urbains pour une r\u00e9volution \u00e9cologique. L&rsquo;urgence climatique m\u00e9rite mieux que des faux-semblants.<\/p>\n<p>Dans le cadre de cette op\u00e9ration de greenwashing, Agir pour l&rsquo;Environnement diffuse aujourd&rsquo;hui, \u00e0 l&rsquo;attention de la presse appel\u00e9e \u00e0 tester ce v\u00e9hiculetomobile, un mod\u00e8le de lunettes con\u00e7u pour verdir artificiellement cette gamme dite Z\u00e9ro Emission, bien loin d&rsquo;\u00eatre sans \u00e9mission de CO2. Cette paire de lunettes peut \u00e9galement verdir tout ou partie du <a title=\"http:\/\/carfree.fr\/index.php\/2008\/06\/10\/co2leos-le-4x4-energivore-et-climaticide-de-renault\/\" href=\"http:\/\/carfree.fr\/index.php\/2008\/06\/10\/co2leos-le-4x4-energivore-et-climaticide-de-renault\/\" target=\"_self\">Kol\u00e9os<\/a>, des projets de circuit de <a title=\"http:\/\/carfree.fr\/index.php\/2009\/11\/25\/collectif-flins-sans-f1\/\" href=\"http:\/\/carfree.fr\/index.php\/2009\/11\/25\/collectif-flins-sans-f1\/\" target=\"_self\">Formule1<\/a> et autres <a title=\"http:\/\/carfree.fr\/index.php\/2009\/11\/15\/carte-de-france-des-projets-climaticides\/\" href=\"http:\/\/carfree.fr\/index.php\/2009\/11\/15\/carte-de-france-des-projets-climaticides\/\" target=\"_self\">projets d&rsquo;infrastructures climaticides<\/a>\u2026<\/p>\n<p>Source : <a href=\"https:\/\/www.agirpourlenvironnement.org\/\" target=\"_blank\">http:\/\/www.agirpourlenvironnement.org\/<\/a><\/p>\n","protected":false},"excerpt":{"rendered":"<p>Ces jours-ci, Renault pr\u00e9sente \u00e0 la presse et \u00e0 de nombreux \u00ab\u00a0blogueurs influents\u00a0\u00bb sa nouvelle gamme de voitures \u00e9lectriques pr\u00e9sent\u00e9e comme \u00ab\u00a0Z\u00e9ro Emissions\u00a0\u00bb (Renault ZE). Il est assez pitoyable de <a class=\"more-link\" href=\"https:\/\/carfree.fr\/index.php\/2009\/11\/27\/renault-zero-emission-ou-le-stade-supreme-du-blanchiment-ecologique\/\">Lire la suite&#8230;<\/a><\/p>\n","protected":false},"author":167,"featured_media":5410,"comment_status":"open","ping_status":"open","sticky":false,"template":"","format":"standard","meta":[],"categories":[73,6,124],"tags":[128,326,57,407,56,85,327,565,139,618,138,55,594,308,162,16,595,273,351,694,490,263,82,172,86,235,38,363],"views":7760,"_links":{"self":[{"href":"https:\/\/carfree.fr\/index.php\/wp-json\/wp\/v2\/posts\/5409"}],"collection":[{"href":"https:\/\/carfree.fr\/index.php\/wp-json\/wp\/v2\/posts"}],"about":[{"href":"https:\/\/carfree.fr\/index.php\/wp-json\/wp\/v2\/types\/post"}],"author":[{"embeddable":true,"href":"https:\/\/carfree.fr\/index.php\/wp-json\/wp\/v2\/users\/167"}],"replies":[{"embeddable":true,"href":"https:\/\/carfree.fr\/index.php\/wp-json\/wp\/v2\/comments?post=5409"}],"version-history":[{"count":0,"href":"https:\/\/carfree.fr\/index.php\/wp-json\/wp\/v2\/posts\/5409\/revisions"}],"wp:featuredmedia":[{"embeddable":true,"href":"https:\/\/carfree.fr\/index.php\/wp-json\/"}],"wp:attachment":[{"href":"https:\/\/carfree.fr\/index.php\/wp-json\/wp\/v2\/media?parent=5409"}],"wp:term":[{"taxonomy":"category","embeddable":true,"href":"https:\/\/carfree.fr\/index.php\/wp-json\/wp\/v2\/categories?post=5409"},{"taxonomy":"post_tag","embeddable":true,"href":"https:\/\/carfree.fr\/index.php\/wp-json\/wp\/v2\/tags?post=5409"}],"curies":[{"name":"wp","href":"https:\/\/api.w.org\/{rel}","templated":true}]}}