{"id":5584,"date":"2009-12-08T11:49:20","date_gmt":"2009-12-08T10:49:20","guid":{"rendered":"http:\/\/carfree.fr\/?p=5584"},"modified":"2021-01-07T17:58:15","modified_gmt":"2021-01-07T16:58:15","slug":"le-reseau-sortir-du-nucleaire-a-deploye-une-immense-banderole-dont-nuke-the-climate-a-copenhague","status":"publish","type":"post","link":"https:\/\/carfree.fr\/index.php\/2009\/12\/08\/le-reseau-sortir-du-nucleaire-a-deploye-une-immense-banderole-dont-nuke-the-climate-a-copenhague\/","title":{"rendered":"Le R\u00e9seau \u00ab\u00a0Sortir du nucl\u00e9aire\u00a0\u00bb a d\u00e9ploy\u00e9 une immense banderole \u00ab\u00a0Don&rsquo;t nuke the climate\u00a0\u00bb \u00e0 Copenhague"},"content":{"rendered":"<p><img decoding=\"async\" loading=\"lazy\" title=\"dont-nuke-the-climate\" src=\"http:\/\/carfree.fr\/images\/dont-nuke-the-climate.jpg\" alt=\"dont-nuke-the-climate\" width=\"420\" height=\"200\" \/><\/p>\n<p>Le R\u00e9seau \u00ab\u00a0<a title=\"http:\/\/www.sortirdunucleaire.org\/\" href=\"https:\/\/www.sortirdunucleaire.org\/\" target=\"_blank\">Sortir du nucl\u00e9aire<\/a>\u00a0\u00bb a d\u00e9ploy\u00e9 une grande banderole sur un immeuble \u00e0 Copenhague \u00e0 100 m\u00e8tres du Bella Center o\u00f9 va se tenir demain le Sommet international pour le climat. Sur la banderole on peut lire les mots \u00ab\u00a0Don\u2019t Nuke the Climate !\u00a0\u00bb \u00bb (\u00ab\u00a0ni nucl\u00e9aire ni effet de serre !\u00a0\u00bb) <!--more--><\/p>\n<p><strong>Don\u2019t Nuke the Climate !<\/strong><\/p>\n<p>Cette image symbolise les dizaines de milliers de personnes qui, dans le monde entier, d\u00e9noncent les tentatives de certains Etats (dont la France) de faire passer le nucl\u00e9aire pour une solution au changement climatique.<\/p>\n<p>Un nombre grandissant d\u2019Etats, parmi lesquels le Japon, le Canada, la Russie, l\u2019Inde, le groupe des pays africains et la France, souhaitent en effet que le nucl\u00e9aire soit inclus dans les m\u00e9canismes de flexibilit\u00e9 et d\u2019att\u00e9nuation du prochain accord climatique, actuellement en cours de discussion [1]. Ce soutien au nucl\u00e9aire se fonde en r\u00e9alit\u00e9 sur des int\u00e9r\u00eats industriels directs ou indirects, ou sur des arguments parfaitement hors sujet dans les discussions sur le climat, li\u00e9s au \u00ab prestige \u00bb ou \u00e0 l\u2019 \u00ab ind\u00e9pendance nationale \u00bb.<\/p>\n<p>La position des Etats est syst\u00e9matiquement \u00e0 l\u2019oppos\u00e9 de celle des populations, qui partout dans le monde rejettent clairement le nucl\u00e9aire. C\u2019est cette soci\u00e9t\u00e9 civile priv\u00e9e de parole qui est repr\u00e9sent\u00e9e sur la banderole.<\/p>\n<p>Monsieur Borloo a r\u00e9cemment reconnu dans une d\u00e9claration \u00e0 la t\u00e9l\u00e9vision que le nucl\u00e9aire \u00ab n\u2019est pas \u00e9colo \u00bb [2] .De plus, pour 1 euros investi, l\u2019efficacit\u00e9 \u00e9nergique et certaines \u00e9nergies renouvelables sont jusqu\u2019\u00e0 11 fois plus performantes que le nucl\u00e9aire pour r\u00e9duire les gaz \u00e0 effet de serre [3]. La France continue pourtant \u00e0 promouvoir cette technologie, notamment dans le cadre des n\u00e9gociations climatiques. Elle sacrifie de mani\u00e8re scandaleuse l\u2019int\u00e9r\u00eat g\u00e9n\u00e9ral \u00e0 l\u2019int\u00e9r\u00eat de son industrie nucl\u00e9aire !<\/p>\n<p>Totalement inefficace et tr\u00e8s co\u00fbteux, le nucl\u00e9aire masque les vraies solutions et les prive de financements consid\u00e9rables. Le nucl\u00e9aire entrave ainsi de fait la lutte contre le changement climatique. Y recourir dans cette lutte serait parfaitement contreproductif. Or lors du Sommet de Copenhague, les d\u00e9cideurs ont non seulement le devoir de parvenir \u00e0 un accord ambitieux sur le climat, mais aussi de refuser les \u00ab fausses bonnes solutions \u00bb.<\/p>\n<p>Plus largement, le nucl\u00e9aire est au m\u00eame titre que le changement climatique une menace porteuse de grands dangers : d\u00e9chets radioactifs quasi-\u00e9ternels qui s\u2019accumulent, risques d\u2019accidents majeurs, risque de prolif\u00e9ration des armes nucl\u00e9aires\u2026<\/p>\n<p>Sauver le climat et sortir du nucl\u00e9aire vont de pair : il faut d\u00e9velopper la sobri\u00e9t\u00e9 et l\u2019efficacit\u00e9 \u00e9nerg\u00e9tique, ainsi que les \u00e9nergies renouvelables. Tout autre choix serait une erreur majeure pour l\u2019avenir de la plan\u00e8te.<\/p>\n<p>Les citoyens de tous les pays sont appel\u00e9s \u00e0 signer sur internet la p\u00e9tition \u00ab\u00a0Don\u2019t Nuke the Climate !\u00a0\u00bb, traduite en dix langues. D\u00e9j\u00e0 pr\u00e8s de 50.000 personnes ont sign\u00e9 l\u2019appel [4].<\/p>\n<p><span style=\"color: #990000;\"><span style=\"color: #000000;\"><strong>Contacts presse :<\/strong><br \/>\nFr\u00e9d\u00e9ric Marillier (attach\u00e9 de presse) : 06 73 89 55 04<br \/>\nCharlotte Mijeon (porte parole du R\u00e9seau \u00ab\u00a0Sortir du nuclaire\u00a0\u00bb) : 06 75 36 20 20<\/span><\/span><\/p>\n<p><strong>T\u00e9l\u00e9chargez les photos en haute r\u00e9solution :<\/strong><br \/>\n<a href=\"http:\/\/www.flickr.com\/photos\/43160621@N08\/\" target=\"_blank\">http:\/\/www.flickr.com\/photos\/43160621@N08\/<\/a><\/p>\n<p><strong>Notes :<\/strong><\/p>\n<p>[1] Lors de la session de n\u00e9gociations \u00e0 Bangkok au mois d\u2019octobre, le nucl\u00e9aire, pourtant exclu \u00e0 juste titre des m\u00e9canismes du Protocole de Kyoto, a refait surface. Les pays cit\u00e9s ont en effet demand\u00e9 que cette source d\u2019\u00e9nergie puisse b\u00e9n\u00e9ficier de financements par les pays industrialis\u00e9s dans le cadre des futures actions de r\u00e9duction des \u00e9missions de gaz \u00e0 effet de serre des pays en d\u00e9veloppement (NAMAs).<br \/>\n[2] Sur Canal + dans l\u2019\u00e9mission Le Grand Journal le 1er d\u00e9cembre 2009<br \/>\n[3] Rocky Mountain Institute, 2008<br \/>\n[4] Parmi les organisations fran\u00e7aises partenaires : Le R\u00e9seau Action Climat, France Nature Environnement, Greenpeace, Les Amis de la Terre, ATTAC, La Conf\u00e9d\u00e9ration paysanne, Agir pour l\u2019Environnement, Cap 21, Solidaires, SUD-Etudiant, Fac Verte, Nature et Progr\u00e8s, Biocoop, Enercoop, Action Consommation, Centre National d\u2019Information Ind\u00e9pendante sur les D\u00e9chets (CNIID), Association pour le Contrat Mondial de l\u2019Eau (ACME), Fondation pour une Terre humaine, \u2026<\/p>\n","protected":false},"excerpt":{"rendered":"<p>Le R\u00e9seau \u00ab\u00a0Sortir du nucl\u00e9aire\u00a0\u00bb a d\u00e9ploy\u00e9 une grande banderole sur un immeuble \u00e0 Copenhague \u00e0 100 m\u00e8tres du Bella Center o\u00f9 va se tenir demain le Sommet international pour <a class=\"more-link\" href=\"https:\/\/carfree.fr\/index.php\/2009\/12\/08\/le-reseau-sortir-du-nucleaire-a-deploye-une-immense-banderole-dont-nuke-the-climate-a-copenhague\/\">Lire la suite&#8230;<\/a><\/p>\n","protected":false},"author":41,"featured_media":5585,"comment_status":"open","ping_status":"open","sticky":false,"template":"","format":"standard","meta":[],"categories":[52,6,124],"tags":[181,244,326,416,359,605,57,188,565,306,189,132,612,55,594,68,308,99,595,318,81,367,236,61,610,278,694,54,263,482,362,19,150],"views":5680,"_links":{"self":[{"href":"https:\/\/carfree.fr\/index.php\/wp-json\/wp\/v2\/posts\/5584"}],"collection":[{"href":"https:\/\/carfree.fr\/index.php\/wp-json\/wp\/v2\/posts"}],"about":[{"href":"https:\/\/carfree.fr\/index.php\/wp-json\/wp\/v2\/types\/post"}],"author":[{"embeddable":true,"href":"https:\/\/carfree.fr\/index.php\/wp-json\/wp\/v2\/users\/41"}],"replies":[{"embeddable":true,"href":"https:\/\/carfree.fr\/index.php\/wp-json\/wp\/v2\/comments?post=5584"}],"version-history":[{"count":0,"href":"https:\/\/carfree.fr\/index.php\/wp-json\/wp\/v2\/posts\/5584\/revisions"}],"wp:featuredmedia":[{"embeddable":true,"href":"https:\/\/carfree.fr\/index.php\/wp-json\/"}],"wp:attachment":[{"href":"https:\/\/carfree.fr\/index.php\/wp-json\/wp\/v2\/media?parent=5584"}],"wp:term":[{"taxonomy":"category","embeddable":true,"href":"https:\/\/carfree.fr\/index.php\/wp-json\/wp\/v2\/categories?post=5584"},{"taxonomy":"post_tag","embeddable":true,"href":"https:\/\/carfree.fr\/index.php\/wp-json\/wp\/v2\/tags?post=5584"}],"curies":[{"name":"wp","href":"https:\/\/api.w.org\/{rel}","templated":true}]}}