{"id":566,"date":"2007-01-25T10:28:28","date_gmt":"2007-01-25T09:28:28","guid":{"rendered":"http:\/\/carfree.fr\/index.php\/2007\/01\/25\/le-trafic-automobile-reduit-le-developpement-pulmonaire\/"},"modified":"2021-01-07T17:58:09","modified_gmt":"2021-01-07T16:58:09","slug":"le-trafic-automobile-reduit-le-developpement-pulmonaire","status":"publish","type":"post","link":"https:\/\/carfree.fr\/index.php\/2007\/01\/25\/le-trafic-automobile-reduit-le-developpement-pulmonaire\/","title":{"rendered":"Le trafic automobile r\u00e9duit le d\u00e9veloppement pulmonaire"},"content":{"rendered":"<p><img decoding=\"async\" loading=\"lazy\" src=\"http:\/\/carfree.fr\/img\/2007\/10\/peugeot_poumons-707514.jpg\" alt=\"\" width=\"319\" height=\"242\" class=\"alignnone size-full wp-image-39927\" \/><\/p>\n<p><strong>Le trafic automobile r\u00e9duit le d\u00e9veloppement pulmonaire<\/strong><\/p>\n<p>Les enfants vivant \u00e0 proximit\u00e9 d&rsquo;une autoroute ou d&rsquo;une route \u00e0 fort trafic ont un d\u00e9veloppement pulmonaire r\u00e9duit et leur sant\u00e9 risque de s&rsquo;en ressentir \u00e0 l&rsquo;\u00e2ge adulte, selon une \u00e9tude am\u00e9ricaine publi\u00e9e vendredi en ligne par la revue m\u00e9dicale britannique <a href=\"https:\/\/secure.jbs.elsevierhealth.com\/action\/getSharedSiteSession?rc=8&amp;redirect=https%3A%2F%2Fwww.thelancet.com%2F\" target=\"_blank\" rel=\"noopener\">The Lancet<\/a>. <!--more--><\/p>\n<p>Plus de 3.600 enfants et adolescents r\u00e9sidant en Californie du sud ont \u00e9t\u00e9 suivis pendant huit ans, entre 10 et 18 ans. Leurs fonctions pulmonaires ont \u00e9t\u00e9 mesur\u00e9es chaque ann\u00e9e. R\u00e9sultat: les enfants et adolescents ayant v\u00e9cu \u00e0 moins de 500 m\u00e8tres d&rsquo;une route \u00e0 fort trafic avaient des \u00abd\u00e9ficits substantiels\u00bb dans le d\u00e9veloppement de leurs fonctions respiratoires par rapport \u00e0 ceux ayant v\u00e9cu \u00e0 plus de 1,5 km d&rsquo;une voie \u00e0 fort trafic.<\/p>\n<p>Un d\u00e9ficit qui se poursuit toute la vie. \u00abQuelqu&rsquo;un qui souffre dans l&rsquo;enfance d&rsquo;un d\u00e9ficit de fonctions pulmonaires aura probablement des poumons en moins bonne sant\u00e9 tout le reste de sa vie\u00bb, souligne James Gaudeman (University of Southern California, Los Angeles). A l&rsquo;\u00e2ge adulte, une fonction pulmonaire r\u00e9duite est un \u00abfacteur de risque important pour les maladies respiratoires et cardiovasculaires\u00bb, ajoute le principal auteur de l&rsquo;\u00e9tude.<\/p>\n<p><strong>Un enjeu de sant\u00e9 publique<\/strong><\/p>\n<p>Des enfants non-asthmatiques et non-fumeurs \u00abont souffert de d\u00e9ficits significatifs de leurs fonctions respiratoires\u00bb, ce qui sugg\u00e8re que tous les enfants en bonne sant\u00e9 \u00absont potentiellement affect\u00e9s par l&rsquo;exposition au trafic\u00bb, pr\u00e9cise le Pr Gaudeman. M\u00eame lorsque la pollution est faible dans la r\u00e9gion, les enfants vivant \u00e0 proximit\u00e9 d&rsquo;un axe routier important ont des risques de sant\u00e9 accrus.<\/p>\n<p>Compte tenu de l&rsquo;importance des effets constat\u00e9s, \u00abune r\u00e9duction de l&rsquo;exposition aux polluants li\u00e9s au trafic conduirait \u00e0 des b\u00e9n\u00e9fices substantiels pour la sant\u00e9 publique\u00bb, soulignent les auteurs, invitant \u00e0 en tenir compte dans la r\u00e8glementation.<\/p>\n<p>Evoquant la concentration en carbone des gaz d&rsquo;\u00e9chappement des moteurs diesel et la pollution dues \u00e0 des particules fines ou ultrafines, les auteurs pr\u00e9cisent que d&rsquo;autres \u00e9tudes sont n\u00e9cessaires pour d\u00e9finir la contribution de chaque polluant aux effets constat\u00e9s sur le d\u00e9veloppement pulmonaire.<\/p>\n<p>\u00abCes r\u00e9sultats posent d&rsquo;importantes questions de soci\u00e9t\u00e9 sur la structure de notre syst\u00e8me de transport, les moteurs, les carburants, la combustion et la poussi\u00e8re des routes dans les zones urbaines\u00bb, rel\u00e8ve Thomas Sandstrom (University Hospital, Umea, Su\u00e8de) dans un commentaire publi\u00e9 dans \u00abLancet\u00bb.<\/p>\n<p>Source: 20Minutes.fr, \u00e9ditions du 25\/01\/2007<\/p>\n","protected":false},"excerpt":{"rendered":"<p>Le trafic automobile r\u00e9duit le d\u00e9veloppement pulmonaire Les enfants vivant \u00e0 proximit\u00e9 d&rsquo;une autoroute ou d&rsquo;une route \u00e0 fort trafic ont un d\u00e9veloppement pulmonaire r\u00e9duit et leur sant\u00e9 risque de <a class=\"more-link\" href=\"https:\/\/carfree.fr\/index.php\/2007\/01\/25\/le-trafic-automobile-reduit-le-developpement-pulmonaire\/\">Lire la suite&#8230;<\/a><\/p>\n","protected":false},"author":616,"featured_media":28140,"comment_status":"open","ping_status":"open","sticky":false,"template":"","format":"standard","meta":[],"categories":[1037],"tags":[588,800,425,33,211,320,220,97],"views":3300,"_links":{"self":[{"href":"https:\/\/carfree.fr\/index.php\/wp-json\/wp\/v2\/posts\/566"}],"collection":[{"href":"https:\/\/carfree.fr\/index.php\/wp-json\/wp\/v2\/posts"}],"about":[{"href":"https:\/\/carfree.fr\/index.php\/wp-json\/wp\/v2\/types\/post"}],"author":[{"embeddable":true,"href":"https:\/\/carfree.fr\/index.php\/wp-json\/wp\/v2\/users\/616"}],"replies":[{"embeddable":true,"href":"https:\/\/carfree.fr\/index.php\/wp-json\/wp\/v2\/comments?post=566"}],"version-history":[{"count":0,"href":"https:\/\/carfree.fr\/index.php\/wp-json\/wp\/v2\/posts\/566\/revisions"}],"wp:featuredmedia":[{"embeddable":true,"href":"https:\/\/carfree.fr\/index.php\/wp-json\/"}],"wp:attachment":[{"href":"https:\/\/carfree.fr\/index.php\/wp-json\/wp\/v2\/media?parent=566"}],"wp:term":[{"taxonomy":"category","embeddable":true,"href":"https:\/\/carfree.fr\/index.php\/wp-json\/wp\/v2\/categories?post=566"},{"taxonomy":"post_tag","embeddable":true,"href":"https:\/\/carfree.fr\/index.php\/wp-json\/wp\/v2\/tags?post=566"}],"curies":[{"name":"wp","href":"https:\/\/api.w.org\/{rel}","templated":true}]}}