{"id":5674,"date":"2009-12-14T16:48:02","date_gmt":"2009-12-14T15:48:02","guid":{"rendered":"http:\/\/carfree.fr\/?p=5674"},"modified":"2016-06-01T09:55:52","modified_gmt":"2016-06-01T08:55:52","slug":"mobilimousin-le-service-information-transports-pour-tous","status":"publish","type":"post","link":"https:\/\/carfree.fr\/index.php\/2009\/12\/14\/mobilimousin-le-service-information-transports-pour-tous\/","title":{"rendered":"Mobilimousin &#8211; le service information transports pour tous"},"content":{"rendered":"<p><img decoding=\"async\" loading=\"lazy\" title=\"mobilimousin\" src=\"http:\/\/carfree.fr\/images\/mobilimousin.jpg\" alt=\"mobilimousin\" width=\"420\" height=\"200\" \/><\/p>\n<p>Mobilimousin est un nouveau service d\u2019information dans le domaine du transport. Il est propos\u00e9 par la R\u00e9gion Limousin, les d\u00e9partements de la Corr\u00e8ze, de la Creuse et de la Haute-Vienne, la Communaut\u00e9 d\u2019Agglom\u00e9ration de Limoges M\u00e9tropole, la Communaut\u00e9 d\u2019Agglom\u00e9ration de Brive, la Ville de Tulle et la SNCF. <!--more--><\/p>\n<p>Depuis plusieurs ann\u00e9es diverses enqu\u00eates ont mis en \u00e9vidence un d\u00e9ficit d\u2019information sur les transports dans le Limousin alors m\u00eame que l\u2019offre de transports collectifs couvre largement le territoire r\u00e9gional. Avec l&rsquo;objectif de r\u00e9pondre \u00e0 ce besoin mais \u00e9galement d&rsquo;inciter les habitants \u00e0 mieux utiliser les diff\u00e9rents r\u00e9seaux et \u00e0 limiter l&rsquo;usage de la voiture, le conseil r\u00e9gional du Limousin a souhait\u00e9 cr\u00e9er une centrale de mobilit\u00e9.<\/p>\n<p>Le principe : un seul coup de fil gratuit et un conseiller en r\u00e9gion vous aide \u00e0 organiser votre d\u00e9placement en Limousin, quel que soit le lieu de d\u00e9part et le lieu d\u2019arriv\u00e9e. Toutes les informations sur les horaires, les itin\u00e9raires, les correspondances, les informations trafic vous seront d\u00e9livr\u00e9es.<\/p>\n<p>Mobilimousin indique tous les moyens de transports en commun disponibles le long du d\u00e9placement recherch\u00e9 (bus, autocar, tramway, TER, etc.). Un num\u00e9ro vert : 0 800 87 23 19<\/p>\n<p>Mobilimousin : 0 800 87 23 19 (appel gratuit depuis un poste fixe) Ce service sera bient\u00f4t en ligne sur mobilimousin.fr.<\/p>\n<p>Source: http:\/\/www.region-limousin.fr\/Mobilimousin-le-service<\/p>\n","protected":false},"excerpt":{"rendered":"<p>Mobilimousin est un nouveau service d\u2019information dans le domaine du transport. Il est propos\u00e9 par la R\u00e9gion Limousin, les d\u00e9partements de la Corr\u00e8ze, de la Creuse et de la Haute-Vienne, <a class=\"more-link\" href=\"https:\/\/carfree.fr\/index.php\/2009\/12\/14\/mobilimousin-le-service-information-transports-pour-tous\/\">Lire la suite&#8230;<\/a><\/p>\n","protected":false},"author":71,"featured_media":5675,"comment_status":"open","ping_status":"open","sticky":false,"template":"","format":"standard","meta":[],"categories":[4,8,70],"tags":[247,652,159,134,120,220,248,131,619,34],"views":5481,"_links":{"self":[{"href":"https:\/\/carfree.fr\/index.php\/wp-json\/wp\/v2\/posts\/5674"}],"collection":[{"href":"https:\/\/carfree.fr\/index.php\/wp-json\/wp\/v2\/posts"}],"about":[{"href":"https:\/\/carfree.fr\/index.php\/wp-json\/wp\/v2\/types\/post"}],"author":[{"embeddable":true,"href":"https:\/\/carfree.fr\/index.php\/wp-json\/wp\/v2\/users\/71"}],"replies":[{"embeddable":true,"href":"https:\/\/carfree.fr\/index.php\/wp-json\/wp\/v2\/comments?post=5674"}],"version-history":[{"count":0,"href":"https:\/\/carfree.fr\/index.php\/wp-json\/wp\/v2\/posts\/5674\/revisions"}],"wp:featuredmedia":[{"embeddable":true,"href":"https:\/\/carfree.fr\/index.php\/wp-json\/"}],"wp:attachment":[{"href":"https:\/\/carfree.fr\/index.php\/wp-json\/wp\/v2\/media?parent=5674"}],"wp:term":[{"taxonomy":"category","embeddable":true,"href":"https:\/\/carfree.fr\/index.php\/wp-json\/wp\/v2\/categories?post=5674"},{"taxonomy":"post_tag","embeddable":true,"href":"https:\/\/carfree.fr\/index.php\/wp-json\/wp\/v2\/tags?post=5674"}],"curies":[{"name":"wp","href":"https:\/\/api.w.org\/{rel}","templated":true}]}}