{"id":5680,"date":"2009-12-15T13:26:51","date_gmt":"2009-12-15T12:26:51","guid":{"rendered":"http:\/\/carfree.fr\/?p=5680"},"modified":"2021-01-07T17:48:31","modified_gmt":"2021-01-07T16:48:31","slug":"comment-copenhague-contribue-au-declin-de-la-barbarie-automobile","status":"publish","type":"post","link":"https:\/\/carfree.fr\/index.php\/2009\/12\/15\/comment-copenhague-contribue-au-declin-de-la-barbarie-automobile\/","title":{"rendered":"Comment Copenhague contribue au d\u00e9clin de la barbarie automobile"},"content":{"rendered":"<p>\u00c7a fait toujours plaisir d&rsquo;entendre qu&rsquo;il faut \u00ab\u00a0\u00e9viter la voiture\u00a0\u00bb au journal t\u00e9l\u00e9vis\u00e9, aussi, je ne r\u00e9siste pas au plaisir de vous retranscrire un extrait du JT du 19\/20 d&rsquo;hier soir: <!--more--><\/p>\n<p><strong>Laurent Bignolas<\/strong>: <em>&#8230;et, dans nos d\u00e9placements? il y  a des choses \u00e0 faire aussi? des habitudes \u00e0 prendre peut-\u00eatre?<\/em><\/p>\n<p><strong>Claudine Gilbert<\/strong> <em>Oui&#8230; alors: surtout \u00e9viter la voiture qui pollue, au moins quand on habite en ville, pour aller chercher le pain, mieux vaut privil\u00e9gier le v\u00e9lo, les transports en commun ou la marche.<\/em><\/p>\n<p>D\u00e9cid\u00e9ment, le XXI\u00e8me si\u00e8cle est en train de prendre le bon virage du d\u00e9clin automobile. Et ce ne sont pas les nouvelles \u00e9nergies ou technologies qui vont freiner cette tendance.<\/p>\n<p>&#8212;<br \/>\nGilles Chomel,<br \/>\nLes voies vertes en 06-ouest:<br \/>\n<a href=\"http:\/\/gilles.chomel.free.fr\/\" target=\"_blank\">www.LecoLomobiLe.fr<\/a><br \/>\nLabo d&rsquo;id\u00e9es sur l&rsquo;auto du futur:<br \/>\n<a href=\"http:\/\/www.lacpa.fr\/\" target=\"_blank\">www.LACPA.fr<\/a><\/p>\n","protected":false},"excerpt":{"rendered":"<p>\u00c7a fait toujours plaisir d&rsquo;entendre qu&rsquo;il faut \u00ab\u00a0\u00e9viter la voiture\u00a0\u00bb au journal t\u00e9l\u00e9vis\u00e9, aussi, je ne r\u00e9siste pas au plaisir de vous retranscrire un extrait du JT du 19\/20 d&rsquo;hier <a class=\"more-link\" href=\"https:\/\/carfree.fr\/index.php\/2009\/12\/15\/comment-copenhague-contribue-au-declin-de-la-barbarie-automobile\/\">Lire la suite&#8230;<\/a><\/p>\n","protected":false},"author":27,"featured_media":37635,"comment_status":"open","ping_status":"open","sticky":false,"template":"","format":"standard","meta":[],"categories":[4,73,9,8,7],"tags":[565,259,138,68,99,135,150,131,1664,34],"views":4919,"_links":{"self":[{"href":"https:\/\/carfree.fr\/index.php\/wp-json\/wp\/v2\/posts\/5680"}],"collection":[{"href":"https:\/\/carfree.fr\/index.php\/wp-json\/wp\/v2\/posts"}],"about":[{"href":"https:\/\/carfree.fr\/index.php\/wp-json\/wp\/v2\/types\/post"}],"author":[{"embeddable":true,"href":"https:\/\/carfree.fr\/index.php\/wp-json\/wp\/v2\/users\/27"}],"replies":[{"embeddable":true,"href":"https:\/\/carfree.fr\/index.php\/wp-json\/wp\/v2\/comments?post=5680"}],"version-history":[{"count":0,"href":"https:\/\/carfree.fr\/index.php\/wp-json\/wp\/v2\/posts\/5680\/revisions"}],"wp:featuredmedia":[{"embeddable":true,"href":"https:\/\/carfree.fr\/index.php\/wp-json\/wp\/v2\/media\/37635"}],"wp:attachment":[{"href":"https:\/\/carfree.fr\/index.php\/wp-json\/wp\/v2\/media?parent=5680"}],"wp:term":[{"taxonomy":"category","embeddable":true,"href":"https:\/\/carfree.fr\/index.php\/wp-json\/wp\/v2\/categories?post=5680"},{"taxonomy":"post_tag","embeddable":true,"href":"https:\/\/carfree.fr\/index.php\/wp-json\/wp\/v2\/tags?post=5680"}],"curies":[{"name":"wp","href":"https:\/\/api.w.org\/{rel}","templated":true}]}}