{"id":572,"date":"2005-11-03T12:04:44","date_gmt":"2005-11-03T11:04:44","guid":{"rendered":"http:\/\/carfree.fr\/index.php\/2005\/11\/03\/voiture-citoyenne\/"},"modified":"2025-01-07T10:13:20","modified_gmt":"2025-01-07T09:13:20","slug":"voiture-citoyenne","status":"publish","type":"post","link":"https:\/\/carfree.fr\/index.php\/2005\/11\/03\/voiture-citoyenne\/","title":{"rendered":"Voiture citoyenne"},"content":{"rendered":"<p><span style=\"font-size: 78%\">Exemple de v\u00e9ritable \u00ab\u00a0voiture citoyenne\u00a0\u00bb (Merci \u00e0 <a href=\"http:\/\/carfree.fr\/index.php\/author\/gilleschomel\/\" title=\"http:\/\/carfree.fr\/index.php\/author\/gilleschomel\/\">Gilles Chomel<\/a> pour la photo)<\/span><\/p>\n<p><span style=\"font-weight: bold\">Voitures, voiture-es, votez pour moi !<\/span> <!--more--><\/p>\n<p>Le nom citoyen a \u00e9t\u00e9 d\u00e9j\u00e0 mis \u00e0 pas mal de sauces indigestes avec son emploi comme adjectif dans d\u00e9bat citoyen, candidat citoyen, d\u00e9marche citoyenne. Un nouveau cap vient d&rsquo;\u00eatre franchi pour l&rsquo;indigestion de citoyen avec l&rsquo;attribution d&rsquo;un label citoyen \u00e0 des voitures. C&rsquo;est le sujet d&rsquo;un article de Lib\u00e9ration et du d\u00e9bat du T\u00e9l\u00e9phone sonne sur France-Inter ! J&rsquo;attends avec impatience :<\/p>\n<p>\u2014 le frigo citoyen : il ne d\u00e9truit pas la couche d&rsquo;ozone ;<\/p>\n<p>\u2014 le plafond citoyen : il est sans amiante ;<\/p>\n<p>\u2014 les chiottes citoyennes : elles consomment moins d&rsquo;eau ;<\/p>\n<p>\u2014 le robinet citoyen : il ne fuit pas ;<\/p>\n<p>\u2014 le fer \u00e0 repasser citoyen : vous n&rsquo;\u00eates pas oblig\u00e9s de consommer trop d&rsquo;eau et d&rsquo;\u00e9nergie pour \u00e9liminer les faux-plis,<\/p>\n<p>Etc. Liste \u00e0 compl\u00e9ter selon les envies.<\/p>\n<p><span style=\"font-weight: bold\">Source<\/span>: Le Petit Champignacien illustr\u00e9<\/p>\n","protected":false},"excerpt":{"rendered":"<p>Exemple de v\u00e9ritable \u00ab\u00a0voiture citoyenne\u00a0\u00bb (Merci \u00e0 Gilles Chomel pour la photo) Voitures, voiture-es, votez pour moi !<\/p>\n","protected":false},"author":1390,"featured_media":46184,"comment_status":"open","ping_status":"open","sticky":false,"template":"","format":"standard","meta":[],"categories":[4],"tags":[1848,468],"views":3512,"_links":{"self":[{"href":"https:\/\/carfree.fr\/index.php\/wp-json\/wp\/v2\/posts\/572"}],"collection":[{"href":"https:\/\/carfree.fr\/index.php\/wp-json\/wp\/v2\/posts"}],"about":[{"href":"https:\/\/carfree.fr\/index.php\/wp-json\/wp\/v2\/types\/post"}],"author":[{"embeddable":true,"href":"https:\/\/carfree.fr\/index.php\/wp-json\/wp\/v2\/users\/1390"}],"replies":[{"embeddable":true,"href":"https:\/\/carfree.fr\/index.php\/wp-json\/wp\/v2\/comments?post=572"}],"version-history":[{"count":0,"href":"https:\/\/carfree.fr\/index.php\/wp-json\/wp\/v2\/posts\/572\/revisions"}],"wp:featuredmedia":[{"embeddable":true,"href":"https:\/\/carfree.fr\/index.php\/wp-json\/wp\/v2\/media\/46184"}],"wp:attachment":[{"href":"https:\/\/carfree.fr\/index.php\/wp-json\/wp\/v2\/media?parent=572"}],"wp:term":[{"taxonomy":"category","embeddable":true,"href":"https:\/\/carfree.fr\/index.php\/wp-json\/wp\/v2\/categories?post=572"},{"taxonomy":"post_tag","embeddable":true,"href":"https:\/\/carfree.fr\/index.php\/wp-json\/wp\/v2\/tags?post=572"}],"curies":[{"name":"wp","href":"https:\/\/api.w.org\/{rel}","templated":true}]}}