{"id":5808,"date":"2009-12-28T15:51:33","date_gmt":"2009-12-28T14:51:33","guid":{"rendered":"http:\/\/carfree.fr\/?p=5808"},"modified":"2022-05-19T13:15:00","modified_gmt":"2022-05-19T12:15:00","slug":"grace-a-la-taxe-carbone-je-continue-a-rouler-en-4x4-en-toute-impunite","status":"publish","type":"post","link":"https:\/\/carfree.fr\/index.php\/2009\/12\/28\/grace-a-la-taxe-carbone-je-continue-a-rouler-en-4x4-en-toute-impunite\/","title":{"rendered":"Gr\u00e2ce \u00e0 la taxe carbone, je continue \u00e0 rouler en 4\u00d74 en toute impunit\u00e9."},"content":{"rendered":"<p>Sur le sacro-saint site de notre minist\u00e8re pr\u00e9f\u00e9r\u00e9, on trouve toutes les modalit\u00e9s concernant la taxe carbone. En particulier, on apprend sur cette page bien verte que la compensation de la taxe sera de 46 eur par adulte (en zone desservie par les transports en commun, sinon c&rsquo;est 61 eur) et de 10 eur par enfant.<!--more--><\/p>\n<p>Un petit simulateur m&rsquo;a aid\u00e9 \u00e0 faire le calcul suivant :<\/p>\n<p>Soit une famille fran\u00e7aise \u00ab\u00a0classique\u00a0\u00bb, 2 adultes et 2 enfants. Cette famille aime polluer \u00ab\u00a0un peu plus\u00a0\u00bb que la moyenne* et roule 20 000 km par an dans son 4&#215;4 qui consomme 12L\/100 **. (Bah oui un 4&#215;4, tout le monde le sait, c&rsquo;est bien, c&rsquo;est s\u00e9curisant, et ca fait classe pour amener les gamins au foot et dans la salle de classe pour pas qu&rsquo;il marche de trop le pauv&rsquo; petit bambin choupinou). Cette famille habite un logement o\u00f9 on se chauffe \u00e0 l&rsquo;\u00e9lectrique, c&rsquo;est de plus en plus courant de nos jours (et pis le nucl\u00e9aire, tout le monde le sait, c&rsquo;est bien! Et \u00ab\u00a0c&rsquo;est recyclable \u00e0 96%\u00a0\u00bb selon Areva).<\/p>\n<p>A 17 eur la tonne de m\u00e9chant CO2, la taxe carbone co\u00fbtera \u00e0 ce m\u00e9nage 108 eur. \u00ab\u00a0Oh mon Dieu, et mon pouvoir d&rsquo;achat?\u00a0\u00bb Heureusement, la compensation carbone s&rsquo;\u00e9l\u00e8vera \u00e0 112 eur! \u00ab\u00a0Youpi, je toucherai 4 eur pour polluer encore plus l&rsquo;an prochain!\u00a0\u00bb<\/p>\n<p>Mais \u00ab\u00a0souriez, demain sera pire !\u00a0\u00bb (Murphy)<\/p>\n<ul>\n<li>Un v\u00e9hicule roule en moyenne 15 000 km\/an<\/li>\n<\/ul>\n<p>** Les param\u00e8tres entr\u00e9s sont \u00e9quivalents \u00e0 poss\u00e9der un v\u00e9hicule qui \u00e9met 317g de CO2\/km, ce qui est une grosse insulte \u00e0 l&rsquo;\u00e9cologie&#8230;<\/p>\n<p>Cr\u00e9dit Image : MAXPPP<\/p>\n","protected":false},"excerpt":{"rendered":"<p>Sur le sacro-saint site de notre minist\u00e8re pr\u00e9f\u00e9r\u00e9, on trouve toutes les modalit\u00e9s concernant la taxe carbone. En particulier, on apprend sur cette page bien verte que la compensation de <a class=\"more-link\" href=\"https:\/\/carfree.fr\/index.php\/2009\/12\/28\/grace-a-la-taxe-carbone-je-continue-a-rouler-en-4x4-en-toute-impunite\/\">Lire la suite&#8230;<\/a><\/p>\n","protected":false},"author":111,"featured_media":44734,"comment_status":"open","ping_status":"open","sticky":false,"template":"","format":"standard","meta":[],"categories":[52],"tags":[183,934,360,290,56,595,694,54,33,47,681,216],"views":7267,"_links":{"self":[{"href":"https:\/\/carfree.fr\/index.php\/wp-json\/wp\/v2\/posts\/5808"}],"collection":[{"href":"https:\/\/carfree.fr\/index.php\/wp-json\/wp\/v2\/posts"}],"about":[{"href":"https:\/\/carfree.fr\/index.php\/wp-json\/wp\/v2\/types\/post"}],"author":[{"embeddable":true,"href":"https:\/\/carfree.fr\/index.php\/wp-json\/wp\/v2\/users\/111"}],"replies":[{"embeddable":true,"href":"https:\/\/carfree.fr\/index.php\/wp-json\/wp\/v2\/comments?post=5808"}],"version-history":[{"count":0,"href":"https:\/\/carfree.fr\/index.php\/wp-json\/wp\/v2\/posts\/5808\/revisions"}],"wp:featuredmedia":[{"embeddable":true,"href":"https:\/\/carfree.fr\/index.php\/wp-json\/wp\/v2\/media\/44734"}],"wp:attachment":[{"href":"https:\/\/carfree.fr\/index.php\/wp-json\/wp\/v2\/media?parent=5808"}],"wp:term":[{"taxonomy":"category","embeddable":true,"href":"https:\/\/carfree.fr\/index.php\/wp-json\/wp\/v2\/categories?post=5808"},{"taxonomy":"post_tag","embeddable":true,"href":"https:\/\/carfree.fr\/index.php\/wp-json\/wp\/v2\/tags?post=5808"}],"curies":[{"name":"wp","href":"https:\/\/api.w.org\/{rel}","templated":true}]}}