{"id":606,"date":"2007-10-11T12:48:06","date_gmt":"2007-10-11T11:48:06","guid":{"rendered":"http:\/\/carfree.fr\/index.php\/2007\/10\/11\/le-faux-pv-pour-les-bagnoles-mal-garees\/"},"modified":"2020-10-21T14:54:36","modified_gmt":"2020-10-21T13:54:36","slug":"le-faux-pv-pour-les-bagnoles-mal-garees","status":"publish","type":"post","link":"https:\/\/carfree.fr\/index.php\/2007\/10\/11\/le-faux-pv-pour-les-bagnoles-mal-garees\/","title":{"rendered":"Le faux PV pour les bagnoles mal gar\u00e9es"},"content":{"rendered":"<p>\u00ab\u00a0On t&rsquo;a align\u00e9 une prune \u00e0 cause que t&rsquo;as d\u00e9conn\u00e9 comme \u00e7a\u00a0\u00bb&#8230; Voici le v\u00e9ritable faux PV officiel, attention aux copies ! <!--more--><\/p>\n<p>On nous le demande souvent pour pouvoir le mettre sur le pare-brise de voitures mal gar\u00e9es : do it yourself ! Fini le stationnement sur trottoir, sur bande cyclable ou sur passage pi\u00e9ton, avec le faux PV (homologu\u00e9 par <a href=\"http:\/\/carfree.fr\/\">CarFree France<\/a>), verbalisez les automobilistes \u00e0 tour de bras. Ce Proc\u00e8s-Verbal est une cr\u00e9ation d&rsquo;un site internet aujourd&rsquo;hui disparu et qui s&rsquo;intitulait \u00ab\u00a0La fourri\u00e8re\u00a0\u00bb (tout un programme !).<\/p>\n<p><a href=\"http:\/\/carfree.fr\/img\/2007\/10\/pv.jpg\" target=\"_blank\" rel=\"noopener\"><img decoding=\"async\" loading=\"lazy\" class=\"alignnone size-full wp-image-39490\" src=\"http:\/\/carfree.fr\/img\/2007\/10\/pv-min.jpg\" alt=\"\" width=\"400\" height=\"180\" \/><\/a><br \/>\n<span style=\"font-size: 85%;\">Le v\u00e9ritable faux PV officiel<\/span><br \/>\n<span style=\"font-size: 78%;\">Cliquez sur l&rsquo;image pour l&rsquo;agrandir<\/span><\/p>\n<p>Voir aussi les <a title=\"http:\/\/carfree.fr\/index.php\/2016\/05\/02\/je-suis-gare-comme-une-merde\/\" href=\"http:\/\/carfree.fr\/index.php\/2016\/05\/02\/je-suis-gare-comme-une-merde\/\" target=\"_blank\" rel=\"noopener\">stickers \u00e0 coller sur les bagnoles<\/a> et toutes les <a title=\"http:\/\/carfree.fr\/index.php\/2005\/06\/02\/actions-contre-les-voitures-mal-garees\/\" href=\"http:\/\/carfree.fr\/index.php\/2005\/06\/02\/actions-contre-les-voitures-mal-garees\/\">actions contre les voitures mal gar\u00e9es.<\/a><\/p>\n","protected":false},"excerpt":{"rendered":"<p>\u00ab\u00a0On t&rsquo;a align\u00e9 une prune \u00e0 cause que t&rsquo;as d\u00e9conn\u00e9 comme \u00e7a\u00a0\u00bb&#8230; Voici le v\u00e9ritable faux PV officiel, attention aux copies !<\/p>\n","protected":false},"author":1390,"featured_media":36654,"comment_status":"open","ping_status":"open","sticky":false,"template":"","format":"standard","meta":[],"categories":[72,24],"tags":[1709,181,185,293,215,1666],"views":109631,"_links":{"self":[{"href":"https:\/\/carfree.fr\/index.php\/wp-json\/wp\/v2\/posts\/606"}],"collection":[{"href":"https:\/\/carfree.fr\/index.php\/wp-json\/wp\/v2\/posts"}],"about":[{"href":"https:\/\/carfree.fr\/index.php\/wp-json\/wp\/v2\/types\/post"}],"author":[{"embeddable":true,"href":"https:\/\/carfree.fr\/index.php\/wp-json\/wp\/v2\/users\/1390"}],"replies":[{"embeddable":true,"href":"https:\/\/carfree.fr\/index.php\/wp-json\/wp\/v2\/comments?post=606"}],"version-history":[{"count":0,"href":"https:\/\/carfree.fr\/index.php\/wp-json\/wp\/v2\/posts\/606\/revisions"}],"wp:featuredmedia":[{"embeddable":true,"href":"https:\/\/carfree.fr\/index.php\/wp-json\/wp\/v2\/media\/36654"}],"wp:attachment":[{"href":"https:\/\/carfree.fr\/index.php\/wp-json\/wp\/v2\/media?parent=606"}],"wp:term":[{"taxonomy":"category","embeddable":true,"href":"https:\/\/carfree.fr\/index.php\/wp-json\/wp\/v2\/categories?post=606"},{"taxonomy":"post_tag","embeddable":true,"href":"https:\/\/carfree.fr\/index.php\/wp-json\/wp\/v2\/tags?post=606"}],"curies":[{"name":"wp","href":"https:\/\/api.w.org\/{rel}","templated":true}]}}