{"id":6268,"date":"2010-01-21T13:51:35","date_gmt":"2010-01-21T12:51:35","guid":{"rendered":"http:\/\/carfree.fr\/?p=6268"},"modified":"2020-08-14T19:54:15","modified_gmt":"2020-08-14T18:54:15","slug":"bande-dabrutis","status":"publish","type":"post","link":"https:\/\/carfree.fr\/index.php\/2010\/01\/21\/bande-dabrutis\/","title":{"rendered":"Bande d&rsquo;abrutis !"},"content":{"rendered":"<p><img decoding=\"async\" loading=\"lazy\" title=\"jamais-contente\" src=\"http:\/\/carfree.fr\/images\/jamais-contente.jpg\" alt=\"jamais-contente\" width=\"420\" height=\"200\" \/><\/p>\n<p>La r\u00e9volution \u00e9lectrique est en marche, tout le monde le dit, enfin surtout les constructeurs automobile, les hommes politiques et les m\u00e9dias aux ordres. La voiture \u00e9lectrique devait \u00eatre l&rsquo;avenir glorieux de l&rsquo;automobile, la solution \u00e0 tous les maux de cette bonne vieille bagnole invent\u00e9e il y a deux si\u00e8cles que les m\u00e9chants \u00e9cologistes d\u00e9nigrent en permanence. Pas de chance, la voiture \u00e9lectrique fait pschitt avant m\u00eame de sortir des usines! <!--more--><\/p>\n<p>Et ce n&rsquo;est pas une \u00e9ni\u00e8me critique d&rsquo;\u00e9cologiste aigri, en tongs et cheveux longs et sales! C&rsquo;est le r\u00e9sultat tr\u00e8s s\u00e9rieux des \u00e9tudes de march\u00e9 r\u00e9alis\u00e9es par les sp\u00e9cialistes du genre, les cabinets de conseil en capitalisme pr\u00e9dateur.<\/p>\n<p>Le journal Les Echos nous l&rsquo;apprend en effet, la voiture \u00e9lectrique n&rsquo;est pas viable, sauf si les Etats y mettent un paquet de pognon et encore! Pour rappel, Les Echos n&rsquo;est pas vraiment un journal de gauche, et encore moins port\u00e9 sur l&rsquo;\u00e9cologie&#8230; Son unique centre d&rsquo;int\u00e9r\u00eat, c&rsquo;est le taux de profit et le retour sur investissement.<\/p>\n<p>Alors, une fois n&rsquo;est pas coutume, parlons \u00e9tude de march\u00e9, \u00e9lasticit\u00e9 des prix et amortissement! Et le r\u00e9sultat est plut\u00f4t du genre catastrophique pour la bagnole atomique.<\/p>\n<p><em>\u00ab\u00a0Si l&rsquo;on vend la voiture \u00e9lectrique \u00e0 un prix correspondant \u00e0 son vrai co\u00fbt, soit environ 20.000\u00a0euros, on \u00e9value le march\u00e9 mondial \u00e0 350.000\u00a0v\u00e9hicules par an, dont 35.000 en France\u00a0\u00bb<\/em>, selon Fran\u00e7ois Montaville, du cabinet de conseil Bain\u00a0&amp; Company, en s&rsquo;appuyant sur une r\u00e9cente \u00e9tude men\u00e9e aupr\u00e8s de 4.000\u00a0automobilistes de 8\u00a0grands pays.<\/p>\n<p>Premi\u00e8re information, le \u00ab\u00a0vrai co\u00fbt\u00a0\u00bb de la voiture \u00e9lectrique tourne autour de 20,000 euros. Et \u00e0 ce prix-l\u00e0, un march\u00e9 mondial de 350,000 voitures \u00e9lectriques vendues par an repr\u00e9senterait&#8230; 0,5% du nombre total de voitures neuves vendues par an \u00e0 l&rsquo;\u00e9chelle mondiale (environ 70 millions de voitures).<\/p>\n<p>Mais heureusement, en France on ferait beaucoup mieux avec nos \u00ab\u00a035,000 voitures \u00e9lectriques vendues\u00a0\u00bb, c&rsquo;est-\u00e0-dire environ 1,75% du nombre total de voitures vendues en France tous les ans (environ 2 millions de voitures).<\/p>\n<p>La r\u00e9volution \u00e9lectrique est en marche&#8230; \u00e0 reculons! Heureusement d&rsquo;ailleurs, car le r\u00e9seau \u00e9lectrique fran\u00e7ais n&rsquo;aurait probablement pas pu absorber beaucoup plus, vu qu&rsquo;on importe d\u00e9j\u00e0 de l&rsquo;\u00e9lectricit\u00e9 l&rsquo;hiver et qu&rsquo;on est toujours pas s\u00fbr que l&rsquo;EPR fonctionnera un jour&#8230; \u00e0 un prix raisonnable et sans p\u00e9ter \u00e0 la gueule des riverains&#8230;<\/p>\n<p>Mais les cabinets de conseil en fabrication de profits ne s&rsquo;arr\u00eatent pas l\u00e0, ils font aussi tourner leurs macros excel avec un prix de la voiture \u00e9lectrique \u00e0 10,000 euros. Quoi? Comment est-ce possible de passer de 20,000 euros (co\u00fbt r\u00e9el) \u00e0 10,000 euros? En partant de l&rsquo;hypoth\u00e8se que les Etats financeront le reste! Attention, c&rsquo;est du lourd, on ne parle plus de bonus riquiqui de 1,000 euros ou de superbonus de 2,000 euros, on parle de l&rsquo;Etat qui vous paye la moiti\u00e9 de votre caisse avec l&rsquo;argent des contribuables!<\/p>\n<p>Patatra, m\u00eame l\u00e0, les r\u00e9sultats ne sont gu\u00e8re probants&#8230; <em>\u00ab\u00a0Mais si le prix affich\u00e9 tombe \u00e0 10.000\u00a0euros, alors le march\u00e9 total serait de 1,5\u00a0million de voitures (sans compter les mod\u00e8les hybrides), dont 600.000 en Europe et 100.000 en France.\u00a0\u00bb<\/em><\/p>\n<p>Donc, avec une bagnole \u00e9lectrique ultra-subventionn\u00e9e avec l&rsquo;argent des imp\u00f4ts, on obtient un march\u00e9 de la voiture \u00e9lectrique d&rsquo;environ 2% \u00e0 l&rsquo;\u00e9chelle mondiale et d&rsquo;environ 5% \u00e0 l&rsquo;\u00e9chelle fran\u00e7aise&#8230; Et attention, pas en 2011 ou m\u00eame en 2015, mais seulement \u00e0 partir de 2020!<\/p>\n<p>Ils auraient du faire mouliner une autre hypoth\u00e8se, et si l&rsquo;Etat nous la donnait cette bagnole \u00e9lectrique qu&rsquo;il va bien falloir l&rsquo;acheter pour sauver l&#8217;emploi des pays de l&rsquo;Est! (A moins que \u00e7a soit pour sauver les bonus des dirigeants de l&rsquo;industrie automobile&#8230;)<\/p>\n<p>Autre question abord\u00e9e par les m\u00eames cabinets de conseil, le \u00ab\u00a0profil des futurs acheteurs\u00a0\u00bb&#8230; autrement dit la cible marketing coco! Et l\u00e0, on commence vraiment \u00e0 se plier en deux! Selon le chiotte de conseil, <em>\u00ab\u00a0les constructeurs devraient s&rsquo;adresser en priorit\u00e9 aux clients baptis\u00e9s les \u00ab\u00a0Premium\u00a02.0\u00a0\u00bb. Des conducteurs b\u00e9n\u00e9ficiant d&rsquo;un revenu \u00e9lev\u00e9, d\u00e9j\u00e0 conducteurs d&rsquo;une voiture haut de gamme, plut\u00f4t allemande, peu sensibles au prix, qui cherchent une seconde voiture et seront bient\u00f4t soucieux de \u00ab\u00a0l&rsquo;\u00e9co-prestige\u00a0\u00bb\u00a0\u00bb<\/em>.<\/p>\n<p>Le voil\u00e0, l&rsquo;avenir radieux de la voiture \u00e9lectrique destin\u00e9e \u00e0 sauver le climat! Il fallait le dire plus t\u00f4t, la voiture \u00e9lectrique est destin\u00e9e au r\u00f4le de seconde bagnole pour que la femme du cadre dynamique qui roule lui en <a title=\"http:\/\/carfree.fr\/campagne\/bmw.JPG\" href=\"http:\/\/carfree.fr\/campagne\/bmw.JPG\" target=\"_blank\">BMW<\/a> thermique puisse aller faire son shopping en ville avec \u00ab\u00a0\u00e9co-prestige\u00a0\u00bb&#8230;.<\/p>\n<p>L&rsquo;urgence climatique pr\u00f4n\u00e9e \u00e0 Copenhague n&rsquo;a qu&rsquo;\u00e0 bien se tenir! Ne changez rien, les constructeurs automobiles s&rsquo;occupent de tout, les politiques utiliseront bien votre argent et les m\u00e9dias vous diront toute la v\u00e9rit\u00e9! Bande d&rsquo;abrutis!<\/p>\n<p><em>Cr\u00e9dit Image: La Jamais Contente, premier v\u00e9hicule automobile \u00e0 franchir le cap des 100 km\/h. C&rsquo;\u00e9tait une voiture \u00e9lectrique en forme de torpille (ou de suppositoire) sur roues et le record a \u00e9t\u00e9 \u00e9tabli en 1899. (Source: <a title=\"http:\/\/fr.wikipedia.org\/wiki\/Jamais_Contente\" href=\"http:\/\/fr.wikipedia.org\/wiki\/Jamais_Contente\" target=\"_blank\">Wikip\u00e9dia<\/a>)<\/em><\/p>\n","protected":false},"excerpt":{"rendered":"<p>La r\u00e9volution \u00e9lectrique est en marche, tout le monde le dit, enfin surtout les constructeurs automobile, les hommes politiques et les m\u00e9dias aux ordres. La voiture \u00e9lectrique devait \u00eatre l&rsquo;avenir <a class=\"more-link\" href=\"https:\/\/carfree.fr\/index.php\/2010\/01\/21\/bande-dabrutis\/\">Lire la suite&#8230;<\/a><\/p>\n","protected":false},"author":18,"featured_media":6269,"comment_status":"open","ping_status":"open","sticky":false,"template":"","format":"standard","meta":[],"categories":[73,6,124],"tags":[639,416,185,399,360,477,57,85,565,306,11,84,169,16,99,81,87,61,610,578,287,47,117,34,363,49],"views":7177,"_links":{"self":[{"href":"https:\/\/carfree.fr\/index.php\/wp-json\/wp\/v2\/posts\/6268"}],"collection":[{"href":"https:\/\/carfree.fr\/index.php\/wp-json\/wp\/v2\/posts"}],"about":[{"href":"https:\/\/carfree.fr\/index.php\/wp-json\/wp\/v2\/types\/post"}],"author":[{"embeddable":true,"href":"https:\/\/carfree.fr\/index.php\/wp-json\/wp\/v2\/users\/18"}],"replies":[{"embeddable":true,"href":"https:\/\/carfree.fr\/index.php\/wp-json\/wp\/v2\/comments?post=6268"}],"version-history":[{"count":0,"href":"https:\/\/carfree.fr\/index.php\/wp-json\/wp\/v2\/posts\/6268\/revisions"}],"wp:featuredmedia":[{"embeddable":true,"href":"https:\/\/carfree.fr\/index.php\/wp-json\/"}],"wp:attachment":[{"href":"https:\/\/carfree.fr\/index.php\/wp-json\/wp\/v2\/media?parent=6268"}],"wp:term":[{"taxonomy":"category","embeddable":true,"href":"https:\/\/carfree.fr\/index.php\/wp-json\/wp\/v2\/categories?post=6268"},{"taxonomy":"post_tag","embeddable":true,"href":"https:\/\/carfree.fr\/index.php\/wp-json\/wp\/v2\/tags?post=6268"}],"curies":[{"name":"wp","href":"https:\/\/api.w.org\/{rel}","templated":true}]}}