{"id":648,"date":"2005-11-05T14:29:16","date_gmt":"2005-11-05T13:29:16","guid":{"rendered":"http:\/\/carfree.fr\/index.php\/2005\/11\/05\/journee-daction-du-5-novembre-2005\/"},"modified":"2023-11-13T16:53:10","modified_gmt":"2023-11-13T15:53:10","slug":"journee-daction-du-5-novembre-2005","status":"publish","type":"post","link":"https:\/\/carfree.fr\/index.php\/2005\/11\/05\/journee-daction-du-5-novembre-2005\/","title":{"rendered":"Journ\u00e9e d\u2019action du 5 novembre 2005"},"content":{"rendered":"<p><span style=\"font-weight: bold\">Samedi 5 novembre 2005<\/span><br \/>\n<span style=\"font-weight: bold\">Paris: V\u00e9lorution sur le th\u00e8me \u201cOuvrons les portes de Paris aux v\u00e9los!\u201d<\/span> <!--more--><\/p>\n<p>Rendez-vous avec votre v\u00e9lo \u00e0 14:00 place du Ch\u00e2telet.<br \/>\nPlus d\u2019infos: http:\/\/www.velorution.org\/<\/p>\n<p><span style=\"font-weight: bold\">Lyon: Manifestation sur le th\u00e8me \u201cESCLAVES de la BAGNOLE &#8211; Comment ferez-vous lorsque le p\u00e9trole sera trop cher ?\u201d<\/span><br \/>\nRendez-vous \u00e0 14 heures place de la com\u00e9die (devant l\u2019op\u00e9ra de Lyon)<br \/>\nPlus d\u2019infos: <a title=\"http:\/\/carfree.fr\/index.php\/2005\/10\/27\/esclaves-de-la-bagnole\/\" href=\"http:\/\/carfree.fr\/index.php\/2005\/10\/27\/esclaves-de-la-bagnole\/\" target=\"_self\" rel=\"noopener\">http:\/\/carfree.fr\/index.php\/2005\/10\/27\/esclaves-de-la-bagnole\/<\/a><\/p>\n<p><span style=\"font-weight: bold\">Montpellier: Deuxi\u00e8me \u201cV\u00e9lorution\u201d, venez manifester en v\u00e9lo, rollers, skate,  monocycle, <\/span><span style=\"font-weight: bold\">tandem, objet roulant non identifi\u00e9, avec votre famille, vos amis.<br \/>\n<\/span>Rendez-vous \u00e0 15 heures place de la Com\u00e9die<br \/>\nPlus d\u2019infos: <a href=\"http:\/\/collectif.croac.free.fr\/\" target=\"_blank\" rel=\"noopener\">http:\/\/collectif.croac.free.fr\/<\/a><\/p>\n<p><img decoding=\"async\" loading=\"lazy\" src=\"http:\/\/carfree.fr\/img\/2005\/11\/vive_le_velo.jpg\" alt=\"\" width=\"100\" height=\"110\" class=\"alignnone size-full wp-image-40254\" \/><\/p>\n<p>\u00ab Si tu ne participes pas \u00e0 la lutte, tu participes \u00e0 la d\u00e9faite \u00bb<br \/>\nBertolt Brecht<\/p>\n","protected":false},"excerpt":{"rendered":"<p>Samedi 5 novembre 2005 Paris: V\u00e9lorution sur le th\u00e8me \u201cOuvrons les portes de Paris aux v\u00e9los!\u201d<\/p>\n","protected":false},"author":37,"featured_media":38403,"comment_status":"open","ping_status":"open","sticky":false,"template":"","format":"standard","meta":[],"categories":[73,7],"tags":[1848,181,158,335,106,1664,113],"views":3776,"_links":{"self":[{"href":"https:\/\/carfree.fr\/index.php\/wp-json\/wp\/v2\/posts\/648"}],"collection":[{"href":"https:\/\/carfree.fr\/index.php\/wp-json\/wp\/v2\/posts"}],"about":[{"href":"https:\/\/carfree.fr\/index.php\/wp-json\/wp\/v2\/types\/post"}],"author":[{"embeddable":true,"href":"https:\/\/carfree.fr\/index.php\/wp-json\/wp\/v2\/users\/37"}],"replies":[{"embeddable":true,"href":"https:\/\/carfree.fr\/index.php\/wp-json\/wp\/v2\/comments?post=648"}],"version-history":[{"count":0,"href":"https:\/\/carfree.fr\/index.php\/wp-json\/wp\/v2\/posts\/648\/revisions"}],"wp:featuredmedia":[{"embeddable":true,"href":"https:\/\/carfree.fr\/index.php\/wp-json\/wp\/v2\/media\/38403"}],"wp:attachment":[{"href":"https:\/\/carfree.fr\/index.php\/wp-json\/wp\/v2\/media?parent=648"}],"wp:term":[{"taxonomy":"category","embeddable":true,"href":"https:\/\/carfree.fr\/index.php\/wp-json\/wp\/v2\/categories?post=648"},{"taxonomy":"post_tag","embeddable":true,"href":"https:\/\/carfree.fr\/index.php\/wp-json\/wp\/v2\/tags?post=648"}],"curies":[{"name":"wp","href":"https:\/\/api.w.org\/{rel}","templated":true}]}}