{"id":652,"date":"2005-09-30T14:35:05","date_gmt":"2005-09-30T13:35:05","guid":{"rendered":"http:\/\/carfree.fr\/index.php\/2005\/09\/30\/die-in-anti-2-roues-motorises\/"},"modified":"2023-11-13T16:51:10","modified_gmt":"2023-11-13T15:51:10","slug":"die-in-anti-2-roues-motorises","status":"publish","type":"post","link":"https:\/\/carfree.fr\/index.php\/2005\/09\/30\/die-in-anti-2-roues-motorises\/","title":{"rendered":"Die-in anti 2-roues motoris\u00e9s"},"content":{"rendered":"<p>(Communiqu\u00e9 de la V\u00e9lorution)<\/p>\n<p><span style=\"font-weight: bold\">Die-in anti 2-roues motoris\u00e9s : samedi 1er octobre au Salon international de la Moto<\/span><\/p>\n<p>\u00c0 l\u2019occasion du \u00ab Salon international de la Moto \u00bb, la V\u00e9lorution lance un appel \u00e0 la mobilisation contre la multiplication des 2-roues motoris\u00e9s en \u00cele-de-France. Cet appel prendra la forme d\u2019une <span style=\"font-weight: bold\">manifestation partant \u00e0 14H00 de la place de Ch\u00e2telet<\/span>, \u00e0 destination du Salon international de la Moto au Parc des expositions de la Porte de Versailles. A 16h00, \u00e0 l\u2019entr\u00e9e principale, les manifestants feront un Die-In de 15 minutes, symbole de la menace \u00e0 court et long terme que repr\u00e9sentent les 2-roues motoris\u00e9s. <!--more--><\/p>\n<p>En 2004, plus de la moiti\u00e9 des accidents \u00e0 Paris impliquent un scooter ou une moto alors que ceux-ci ne repr\u00e9sentent que 10% du trafic. L\u2019obsession de la vitesse fait des scooters et des motos des v\u00e9hicules particuli\u00e8rement dangereux pour eux et pour les autres. S\u00fbrs de leur impunit\u00e9, les 2-roues motoris\u00e9s envahissent couloirs de bus, pistes cyclables et trottoirs, d\u00e9courageant ainsi ceux qui voudraient s\u2019essayer \u00e0 des \u00ab circulations douces \u00bb.<br \/>\n<span style=\"font-weight: bold\"><br \/>\n\u00ab Un 2-roues motoris\u00e9 = 1 demi 4\u00d74 \u00bb<\/span><\/p>\n<p>Les motos et les scooters rejettent \u00e0 peine moins de CO2 que les voitures, mais surtout les deux-roues \u00e9mettent beaucoup d\u2019autres polluants (type CO ou NO) en quantit\u00e9 beaucoup plus forte que les voitures (chiffres de l\u2019ADEME, voir http:\/\/www.ademe.fr\/htdocs\/publications\/publipdf\/moto_cyclo.pdf). En mati\u00e8re de pollution globale, m\u00eame pour les mod\u00e8les r\u00e9cents, il est clair que \u00ab un 2-roues motoris\u00e9 = 1 demi 4\u00d74 \u00bb.<\/p>\n<p>Tr\u00e8s largement impliqu\u00e9s dans les accidents \u00e0 Paris, accaparant litt\u00e9ralement l\u2019espace public et fortement polluants, les motos et les scooters sont une vraie menace pour l\u2019environnement parisien. Il est urgent d\u2019agir !<\/p>\n<p>La V\u00e9lorution demande donc aux \u00e9luEs, aux constructeurs et aux utilisatrices et utilisateurs de deux roues motoris\u00e9s de tout mettre en \u0153uvre pour que :<\/p>\n<ul>\n<li>la s\u00e9curit\u00e9 de tous les usagers de la rue, et notamment celle des plus faibles, soient effectivement assur\u00e9e ;<\/li>\n<li>les 2-roues motoris\u00e9s int\u00e8grent les r\u00e8gles les plus \u00e9l\u00e9mentaires du respect des autres ;<\/li>\n<li>la puissance et la pollution des deux roues motoris\u00e9s soient diminu\u00e9es \u00e0 la fabrication et mesur\u00e9es r\u00e9guli\u00e8rement.<\/li>\n<\/ul>\n<p><span style=\"font-weight: bold\">Contacter la V\u00e9lorution :<\/span><\/p>\n<ul>\n<li>La V\u00e9lorution est une association dont les buts sont de promouvoir l\u2019utilisation du v\u00e9lo pour les d\u00e9placements et d\u2019inciter pacifiquement automobilistes et motards \u00e0 abandonner leur v\u00e9hicule.<\/li>\n<li>La V\u00e9lorution d\u2019\u00cele-de-France organise une manifestation revendicative le 1er samedi de chaque mois, rendez-vous \u00e0 14:00 place du Ch\u00e2telet \u00e0 Paris.<\/li>\n<li><a href=\"http:\/\/velorution.org\/\" target=\"_blank\" rel=\"noopener\">http:\/\/www.velorution.org\/<\/a><\/li>\n<li><a href=\"mailto:contact@velorution.org\">contact@velorution.org<\/a><\/li>\n<\/ul>\n","protected":false},"excerpt":{"rendered":"<p>(Communiqu\u00e9 de la V\u00e9lorution) Die-in anti 2-roues motoris\u00e9s : samedi 1er octobre au Salon international de la Moto \u00c0 l\u2019occasion du \u00ab Salon international de la Moto \u00bb, la V\u00e9lorution <a class=\"more-link\" href=\"https:\/\/carfree.fr\/index.php\/2005\/09\/30\/die-in-anti-2-roues-motorises\/\">Lire la suite&#8230;<\/a><\/p>\n","protected":false},"author":168,"featured_media":40688,"comment_status":"open","ping_status":"open","sticky":false,"template":"","format":"standard","meta":[],"categories":[7],"tags":[1848,181,192,106,33,113],"views":3605,"_links":{"self":[{"href":"https:\/\/carfree.fr\/index.php\/wp-json\/wp\/v2\/posts\/652"}],"collection":[{"href":"https:\/\/carfree.fr\/index.php\/wp-json\/wp\/v2\/posts"}],"about":[{"href":"https:\/\/carfree.fr\/index.php\/wp-json\/wp\/v2\/types\/post"}],"author":[{"embeddable":true,"href":"https:\/\/carfree.fr\/index.php\/wp-json\/wp\/v2\/users\/168"}],"replies":[{"embeddable":true,"href":"https:\/\/carfree.fr\/index.php\/wp-json\/wp\/v2\/comments?post=652"}],"version-history":[{"count":0,"href":"https:\/\/carfree.fr\/index.php\/wp-json\/wp\/v2\/posts\/652\/revisions"}],"wp:featuredmedia":[{"embeddable":true,"href":"https:\/\/carfree.fr\/index.php\/wp-json\/wp\/v2\/media\/40688"}],"wp:attachment":[{"href":"https:\/\/carfree.fr\/index.php\/wp-json\/wp\/v2\/media?parent=652"}],"wp:term":[{"taxonomy":"category","embeddable":true,"href":"https:\/\/carfree.fr\/index.php\/wp-json\/wp\/v2\/categories?post=652"},{"taxonomy":"post_tag","embeddable":true,"href":"https:\/\/carfree.fr\/index.php\/wp-json\/wp\/v2\/tags?post=652"}],"curies":[{"name":"wp","href":"https:\/\/api.w.org\/{rel}","templated":true}]}}