{"id":664,"date":"2006-12-22T15:41:51","date_gmt":"2006-12-22T14:41:51","guid":{"rendered":"http:\/\/carfree.fr\/index.php\/2006\/12\/22\/la-consommation-du-dakar-ou-leconomie-du-gaspillage\/"},"modified":"2024-01-06T19:30:58","modified_gmt":"2024-01-06T18:30:58","slug":"la-consommation-du-dakar-ou-leconomie-du-gaspillage","status":"publish","type":"post","link":"https:\/\/carfree.fr\/index.php\/2006\/12\/22\/la-consommation-du-dakar-ou-leconomie-du-gaspillage\/","title":{"rendered":"La consommation du Dakar ou l\u2019\u00e9conomie du gaspillage"},"content":{"rendered":"<p>Voici la consommation moyenne de carburant consomm\u00e9 (gaspill\u00e9) durant le Paris-Dakar (ou Lisbonne-Dakar cette ann\u00e9e): <!--more--><\/p>\n<p>600000 litres de Jet A1 pour les avions<br \/>\n250000 litres d\u2019essence pour les voitures<br \/>\n500000 litres de diesel<br \/>\n140000 litres pour les h\u00e9licopt\u00e8res<\/p>\n<p>Logistique et approvisionnement:<br \/>\n11 v\u00e9hicules (9 autos et 2 camions) pour la restauration<br \/>\n72 personnes: 50 de service et 22 en cuisine<br \/>\n12 000 bouteilles de 50 cl d\u2019eau par jour<br \/>\n1,5 tonnes de nourriture par jour<\/p>\n<p>O\u00f9 vont se retrouver ces 12000 bouteilles d\u2019eau vides?<br \/>\nO\u00f9 vont se retrouver les r\u00e9sidus de ces 1,5 tonnes de nourriture quotidienne?<\/p>\n<p>Probablement, ils deviennent une partie de la richesse que le Dakar laisse, selon les organisateurs, au continent africain.<\/p>\n","protected":false},"excerpt":{"rendered":"<p>Voici la consommation moyenne de carburant consomm\u00e9 (gaspill\u00e9) durant le Paris-Dakar (ou Lisbonne-Dakar cette ann\u00e9e):<\/p>\n","protected":false},"author":3,"featured_media":45752,"comment_status":"open","ping_status":"open","sticky":false,"template":"","format":"standard","meta":[],"categories":[52],"tags":[284,376,290,188,283,60,162,340,793],"views":9071,"_links":{"self":[{"href":"https:\/\/carfree.fr\/index.php\/wp-json\/wp\/v2\/posts\/664"}],"collection":[{"href":"https:\/\/carfree.fr\/index.php\/wp-json\/wp\/v2\/posts"}],"about":[{"href":"https:\/\/carfree.fr\/index.php\/wp-json\/wp\/v2\/types\/post"}],"author":[{"embeddable":true,"href":"https:\/\/carfree.fr\/index.php\/wp-json\/wp\/v2\/users\/3"}],"replies":[{"embeddable":true,"href":"https:\/\/carfree.fr\/index.php\/wp-json\/wp\/v2\/comments?post=664"}],"version-history":[{"count":0,"href":"https:\/\/carfree.fr\/index.php\/wp-json\/wp\/v2\/posts\/664\/revisions"}],"wp:featuredmedia":[{"embeddable":true,"href":"https:\/\/carfree.fr\/index.php\/wp-json\/wp\/v2\/media\/45752"}],"wp:attachment":[{"href":"https:\/\/carfree.fr\/index.php\/wp-json\/wp\/v2\/media?parent=664"}],"wp:term":[{"taxonomy":"category","embeddable":true,"href":"https:\/\/carfree.fr\/index.php\/wp-json\/wp\/v2\/categories?post=664"},{"taxonomy":"post_tag","embeddable":true,"href":"https:\/\/carfree.fr\/index.php\/wp-json\/wp\/v2\/tags?post=664"}],"curies":[{"name":"wp","href":"https:\/\/api.w.org\/{rel}","templated":true}]}}