{"id":668,"date":"2008-07-25T12:19:09","date_gmt":"2008-07-25T11:19:09","guid":{"rendered":"http:\/\/carfree.fr\/index.php\/2008\/07\/25\/le-syndrome-de-la-grenouille\/"},"modified":"2022-02-16T11:40:24","modified_gmt":"2022-02-16T10:40:24","slug":"le-syndrome-de-la-grenouille","status":"publish","type":"post","link":"https:\/\/carfree.fr\/index.php\/2008\/07\/25\/le-syndrome-de-la-grenouille\/","title":{"rendered":"Le syndrome de la grenouille"},"content":{"rendered":"<p>Imaginez une marmite remplie d&rsquo;eau froide dans laquelle nage tranquillement une grenouille. Le feu est allum\u00e9 sous la marmite, l&rsquo;eau chauffe doucement. Elle est bient\u00f4t ti\u00e8de. La grenouille trouve cela plut\u00f4t agr\u00e9able et continue de nager. La temp\u00e9rature continue de grimper. L&rsquo;eau est maintenant chaude. C&rsquo;est un peu plus que n&rsquo;appr\u00e9cie la grenouille, \u00e7a la fatigue un peu, mais elle ne s&rsquo;affole pas pour autant. <!--more--><\/p>\n<p>L&rsquo;eau est cette fois vraiment chaude; la grenouille commence a trouver cela d\u00e9sagr\u00e9able, mais elle s&rsquo;est affaiblie, alors elle supporte et ne fait rien. La temp\u00e9rature continue de monter, jusqu&rsquo;au moment o\u00f9 la grenouille va tout simplement finir par cuire et mourir.<\/p>\n<p>Si la m\u00eame grenouille avait \u00e9t\u00e9 plong\u00e9e directement dans l&rsquo;eau \u00e0 50 degr\u00e9s, elle aurait imm\u00e9diatement donn\u00e9 le coup de patte ad\u00e9quat qui l&rsquo;aurait \u00e9ject\u00e9e aussit\u00f4t de la marmite.<\/p>\n<p>Cette exp\u00e9rience montre que, lorsqu&rsquo;un changement s&rsquo;effectue d&rsquo;une mani\u00e8re suffisamment lente, il \u00e9chappe \u00e0 la conscience et ne suscite la plupart de temps aucune r\u00e9action, aucune opposition, aucune r\u00e9volte.<\/p>\n<p>Si nous regardons se qui se passe dans notre soci\u00e9t\u00e9 depuis quelque d\u00e9cennies, nous subissons une lente d\u00e9rive \u00e0 laquelle nous nous habituons.<\/p>\n<p>Des tas de choses qui nous auraient horrifi\u00e9s il y a 20, 30 ou 40 ans, ont \u00e9t\u00e9 peu \u00e0 peu banalis\u00e9s, \u00e9dulcor\u00e9es, et nous d\u00e9rangent mollement \u00e0 ce jour, ou laissent carr\u00e9ment indiff\u00e9rent la plupart des gens.<\/p>\n<p>AU NOM DU PROGR\u00c8S et de la science, les pires atteintes aux libert\u00e9s individuelles, \u00e0 la dignit\u00e9 du vivant, \u00e0 l&rsquo;int\u00e9grit\u00e9 de la nature, \u00e0 la beaut\u00e9 et au bonheur de vivre, s&rsquo;effectuent lentement et inexorablement avec la complicit\u00e9 constante des victimes, ignorantes ou d\u00e9munies. Les noirs tableaux annonc\u00e9s pour l&rsquo;avenir, au lieu de susciter des r\u00e9actions et des mesures pr\u00e9ventives, ne font que pr\u00e9parer psychologiquement le peuple \u00e0 accepter des conditions de la vie d\u00e9cadente, voire DRAMATIQUE. LE GAVAGE PERMANENT d&rsquo;information de la part des m\u00e9dias sature les cerveaux qui n&rsquo;arrivent plus \u00e0 faire la part des choses. Lorsque j&rsquo;ai annonc\u00e9 ces choses pour la premi\u00e8re fois, c&rsquo;\u00e9tait pour demain. L\u00e0, C&rsquo;EST POUR AUJOURD&rsquo;HUI.<\/p>\n<p>Alors si vous n&rsquo;\u00eates pas, comme la grenouille, d\u00e9j\u00e0 \u00e0 moiti\u00e9 cuit, donnez le coup de patte salutaire avant qu&rsquo;il ne soit trop tard.<\/p>\n<p>Olivier Clerc, \u00e9crivain et philosophe<\/p>\n<p><img decoding=\"async\" loading=\"lazy\" src=\"http:\/\/carfree.fr\/img\/2008\/07\/grenouille-cuite.jpg\" alt=\"\" width=\"269\" height=\"178\" class=\"alignnone size-full wp-image-38715\" srcset=\"https:\/\/carfree.fr\/img\/2008\/07\/grenouille-cuite.jpg 269w, https:\/\/carfree.fr\/img\/2008\/07\/grenouille-cuite-150x99.jpg 150w\" sizes=\"(max-width: 269px) 100vw, 269px\" \/><\/p>\n","protected":false},"excerpt":{"rendered":"<p>Imaginez une marmite remplie d&rsquo;eau froide dans laquelle nage tranquillement une grenouille. Le feu est allum\u00e9 sous la marmite, l&rsquo;eau chauffe doucement. Elle est bient\u00f4t ti\u00e8de. La grenouille trouve cela <a class=\"more-link\" href=\"https:\/\/carfree.fr\/index.php\/2008\/07\/25\/le-syndrome-de-la-grenouille\/\">Lire la suite&#8230;<\/a><\/p>\n","protected":false},"author":1390,"featured_media":41630,"comment_status":"open","ping_status":"open","sticky":false,"template":"","format":"standard","meta":[],"categories":[52,73,124],"tags":[57,84,166,19],"views":70999,"_links":{"self":[{"href":"https:\/\/carfree.fr\/index.php\/wp-json\/wp\/v2\/posts\/668"}],"collection":[{"href":"https:\/\/carfree.fr\/index.php\/wp-json\/wp\/v2\/posts"}],"about":[{"href":"https:\/\/carfree.fr\/index.php\/wp-json\/wp\/v2\/types\/post"}],"author":[{"embeddable":true,"href":"https:\/\/carfree.fr\/index.php\/wp-json\/wp\/v2\/users\/1390"}],"replies":[{"embeddable":true,"href":"https:\/\/carfree.fr\/index.php\/wp-json\/wp\/v2\/comments?post=668"}],"version-history":[{"count":0,"href":"https:\/\/carfree.fr\/index.php\/wp-json\/wp\/v2\/posts\/668\/revisions"}],"wp:featuredmedia":[{"embeddable":true,"href":"https:\/\/carfree.fr\/index.php\/wp-json\/wp\/v2\/media\/41630"}],"wp:attachment":[{"href":"https:\/\/carfree.fr\/index.php\/wp-json\/wp\/v2\/media?parent=668"}],"wp:term":[{"taxonomy":"category","embeddable":true,"href":"https:\/\/carfree.fr\/index.php\/wp-json\/wp\/v2\/categories?post=668"},{"taxonomy":"post_tag","embeddable":true,"href":"https:\/\/carfree.fr\/index.php\/wp-json\/wp\/v2\/tags?post=668"}],"curies":[{"name":"wp","href":"https:\/\/api.w.org\/{rel}","templated":true}]}}