{"id":670,"date":"2008-07-29T08:29:36","date_gmt":"2008-07-29T07:29:36","guid":{"rendered":"http:\/\/carfree.fr\/index.php\/2008\/07\/29\/la-fin-du-mythe-automobile\/"},"modified":"2015-10-25T13:41:33","modified_gmt":"2015-10-25T12:41:33","slug":"la-fin-du-mythe-automobile","status":"publish","type":"post","link":"https:\/\/carfree.fr\/index.php\/2008\/07\/29\/la-fin-du-mythe-automobile\/","title":{"rendered":"La fin du mythe automobile"},"content":{"rendered":"<p>Le quotidien Lib\u00e9ration consacrait hier sa premi\u00e8re page aux difficult\u00e9s auxquelles l\u2019industrie automobile doit faire face actuellement. Le journal parle de la fin d\u2019un mythe, celui de la soci\u00e9t\u00e9 de l&rsquo;automobile. La voiture, autrefois symbole du progr\u00e8s social, doit \u00e0 pr\u00e9sent se r\u00e9inventer&#8230; ou dispara\u00eetre. La crise du p\u00e9trole et les changements climatiques forcent aujourd\u2019hui les constructeurs automobiles \u00e0 repenser leurs mod\u00e8les. Pour le quotidien, ce changement d\u2019\u00e8re n\u2019est pas sans cons\u00e9quences. En France, Renault a annonc\u00e9 un plan de restructuration qui implique 5.000 suppressions d\u2019emploi. Et selon le journal, ce n\u2019est qu\u2019un d\u00e9but.<!--more--><\/p>\n<p><strong>Automobile : un mod\u00e8le \u00e0 reconstruire&#8230; ou \u00e0 d\u00e9construire?<\/strong><\/p>\n<p>Le secteur automobile est en train de vivre une crise \u00e9conomique profonde. Avec une r\u00e9cession d\u2019une rare violence aux Etats-Unis : en quatre ans, le nombre de v\u00e9hicules vendus par an est pass\u00e9 de 17 millions \u00e0 14 millions. Pour le cabinet Arthur D. Little, le march\u00e9 am\u00e9ricain sera le plus affect\u00e9 par <em>\u00abla rupture sans pr\u00e9c\u00e9dent\u00bb<\/em> caus\u00e9e par le prix du p\u00e9trole et la r\u00e9glementation \u00e9cologique, avec une baisse estim\u00e9e \u00e0 28 % d\u2019ici \u00e0 2012.<\/p>\n<p>En Europe, on assiste \u00e0 une baisse de ventes de -30 % en Espagne, -20 % en Italie. Tout laisse \u00e0 penser que la crise \u00e9conomique va s\u2019aggraver dans les mois qui viennent. Les routes du Vieux Continent (un tiers des ventes de voitures dans le monde) sont satur\u00e9es, les m\u00e9nages sur\u00e9quip\u00e9s.<\/p>\n<p>En France en 2005, apr\u00e8s vingt\u00a0ans de croissance continue, on comptait 600\u00a0voitures pour 1000\u00a0habitants. Difficile de faire beaucoup plus. Si le march\u00e9 fran\u00e7ais semble supporter, pour l&rsquo;instant,\u00a0 un peu mieux la crise actuelle que ses voisins europ\u00e9ens ou am\u00e9ricains, c&rsquo;est essentiellement li\u00e9 au bonus \u00e9cologique mis en place par Borloo. En fait, tout se passe comme si le march\u00e9 automobile fran\u00e7ais \u00e9tait pour l&rsquo;instant sous perfusion (d&rsquo;argent publique): les consommateurs profitent en partie d&rsquo;un effet d&rsquo;aubaine pour changer leur voiture, mais jusqu&rsquo;\u00e0 quand? La chute du march\u00e9 risque d&rsquo;\u00eatre violente.<\/p>\n<p><strong>L&rsquo;image de la voiture se d\u00e9grade&#8230; l&rsquo;\u00e9tat de la plan\u00e8te aussi!<\/strong><\/p>\n<p>Selon Patrick P\u00e9lata, directeur adjoint de Renault, l\u2019image m\u00eame de la voiture se d\u00e9grade: \u00ab\u00a0dans les pays occidentaux, on sent bien que quelque chose est en train de se passer (&#8230;), on constate que l\u2019image de la voiture est en train de se d\u00e9grader\u00a0\u00bb. Cette d\u00e9claration ne manque pas de piquant dans la bouche d&rsquo;un constructeur automobile, elle occulte juste le fait que l&rsquo;automobile est aussi responsable de la d\u00e9gradation de l&rsquo;environnement et de l&rsquo;\u00e9tat de la plan\u00e8te depuis la massification de l&rsquo;automobile entreprise \u00e0 partir des ann\u00e9es 1950. Ceci expliquant peut-\u00eatre cela&#8230;<\/p>\n<p>Entre le co\u00fbt de plus en plus \u00e9lev\u00e9 de l&rsquo;essence, la prise de conscience des probl\u00e8mes de pollution atmosph\u00e9rique et du r\u00e9chauffement climatique, les bouchons et les congestions de l&rsquo;automobile, le bruit et les accidents de la circulation, l&rsquo;automobile est en train de devenir <em>has been<\/em>. D&rsquo;autant plus que de nouveaux modes de d\u00e9placement ont le vent en poupe: v\u00e9lo, v\u00e9lo \u00e0 assistance \u00e9l\u00e9ctrique, transports en commun en site propre, etc.<\/p>\n<p>Et il serait tr\u00e8s illusoire de s\u2019imaginer que ce sont les quelques voitures \u00e9lectriques et\/ou hybrides qui vont sortir sur le march\u00e9 dans la d\u00e9cennie qui vient, qui pourraient renverser cette tendance lourde. Aucune technologie de substitution n&rsquo;est en mesure de faire rouler un parc automobile mondial d\u00e9sormais compos\u00e9 d&rsquo;un milliard de voitures en circulation.<\/p>\n<p><img decoding=\"async\" loading=\"lazy\" src=\"http:\/\/carfree.fr\/images\/liberation-mythe-automobile.jpg\" alt=\"liberation-mythe-automobile\" width=\"430\" height=\"510\" \/><\/p>\n","protected":false},"excerpt":{"rendered":"<p>Le quotidien Lib\u00e9ration consacrait hier sa premi\u00e8re page aux difficult\u00e9s auxquelles l\u2019industrie automobile doit faire face actuellement. Le journal parle de la fin d\u2019un mythe, celui de la soci\u00e9t\u00e9 de <a class=\"more-link\" href=\"https:\/\/carfree.fr\/index.php\/2008\/07\/29\/la-fin-du-mythe-automobile\/\">Lire la suite&#8230;<\/a><\/p>\n","protected":false},"author":60,"featured_media":28905,"comment_status":"open","ping_status":"open","sticky":false,"template":"","format":"standard","meta":[],"categories":[495,73],"tags":[85,139,194,169,16,81,93,58,234,33,235,19,150,97],"views":9641,"_links":{"self":[{"href":"https:\/\/carfree.fr\/index.php\/wp-json\/wp\/v2\/posts\/670"}],"collection":[{"href":"https:\/\/carfree.fr\/index.php\/wp-json\/wp\/v2\/posts"}],"about":[{"href":"https:\/\/carfree.fr\/index.php\/wp-json\/wp\/v2\/types\/post"}],"author":[{"embeddable":true,"href":"https:\/\/carfree.fr\/index.php\/wp-json\/wp\/v2\/users\/60"}],"replies":[{"embeddable":true,"href":"https:\/\/carfree.fr\/index.php\/wp-json\/wp\/v2\/comments?post=670"}],"version-history":[{"count":0,"href":"https:\/\/carfree.fr\/index.php\/wp-json\/wp\/v2\/posts\/670\/revisions"}],"wp:featuredmedia":[{"embeddable":true,"href":"https:\/\/carfree.fr\/index.php\/wp-json\/"}],"wp:attachment":[{"href":"https:\/\/carfree.fr\/index.php\/wp-json\/wp\/v2\/media?parent=670"}],"wp:term":[{"taxonomy":"category","embeddable":true,"href":"https:\/\/carfree.fr\/index.php\/wp-json\/wp\/v2\/categories?post=670"},{"taxonomy":"post_tag","embeddable":true,"href":"https:\/\/carfree.fr\/index.php\/wp-json\/wp\/v2\/tags?post=670"}],"curies":[{"name":"wp","href":"https:\/\/api.w.org\/{rel}","templated":true}]}}