{"id":676,"date":"2008-08-30T09:31:10","date_gmt":"2008-08-30T08:31:10","guid":{"rendered":"http:\/\/carfree.fr\/index.php\/2008\/08\/30\/contre-le-projet-autoroutier-barcelone-foix-amsterdam\/"},"modified":"2022-10-10T09:41:49","modified_gmt":"2022-10-10T08:41:49","slug":"contre-le-projet-autoroutier-barcelone-foix-amsterdam","status":"publish","type":"post","link":"https:\/\/carfree.fr\/index.php\/2008\/08\/30\/contre-le-projet-autoroutier-barcelone-foix-amsterdam\/","title":{"rendered":"Contre le projet autoroutier Barcelone-Foix-Amsterdam"},"content":{"rendered":"<p><strong>ABERRANT et RETROGRADE<\/strong><\/p>\n<p>Le nouveau projet autoroutier Barcelone Foix Amsterdam qui pr\u00e9tend passer dans la vall\u00e9e de la Haute Ari\u00e8ge n\u2019est pas un projet d\u2019utilit\u00e9 publique.<\/p>\n<p>Ce projet va d\u00e9truire les meilleures terres arables de l&rsquo;Ari\u00e8ge et les paysages Pyr\u00e9n\u00e9ens. Il va augmenter les nuisances et les pollutions li\u00e9es aux transports et aux d\u00e9placements routiers. Il va d\u00e9grader la qualit\u00e9 de la vie en Ari\u00e8ge tout en aggravant les probl\u00e8mes de circulation et de d\u00e9r\u00e8glement climatique.<!--more--><\/p>\n<p>A l\u2019heure de la raret\u00e9 et de la chert\u00e9 in\u00e9vitable du p\u00e9trole, du r\u00e9chauffement climatique d\u00fb en grande partie aux d\u00e9placements routiers, et des conclusions du Grenelle de l\u2019Environnement, nous savons que les am\u00e9nagements autoroutiers \u00e0 l\u2019\u00e9chelle r\u00e9gionale et europ\u00e9enne doivent \u00eatre abandonn\u00e9s au profit du rail.<\/p>\n<p>Il faut donner la priorit\u00e9 au d\u00e9veloppement du fret ferr\u00e9 pour le transport des marchandises et il faut rendre attractifs et performants les transports en commun \u00e0 l\u2019\u00e9chelle de l\u2019ensemble du d\u00e9partement et de la r\u00e9gion Midi-Pyr\u00e9n\u00e9es.<\/p>\n<p>Les Amis de la Terre de Midi Pyr\u00e9n\u00e9es soutiennent de toute leur force l\u2019initiative du Maire des Cabannes, Daniel G\u00e9raud et vont se battre avec d\u00e9termination aux cot\u00e9s de tous les nombreux opposants \u00e0 ce projet autoroutier aberrant et r\u00e9trograde.<\/p>\n<p>Les verts r\u00e9agissent \u00e9galement au projet autoroutier Amsterdam Barcelone<\/p>\n<p><img decoding=\"async\" loading=\"lazy\" src=\"http:\/\/carfree.fr\/img\/2015\/10\/autoroute-barcelone-foix-amsterdam.jpg\" width=\"269\" height=\"178\" class=\"alignnone\" \/><\/p>\n<p><strong>LE CONSEIL G\u00c9N\u00c9RAL SE TROMPE D\u2019\u00c9POQUE<\/strong><\/p>\n<p>Pour les Verts-Ari\u00e8ge, Fran\u00e7oise Matricon communique :<\/p>\n<p>Voil\u00e0 coup sur coup deux projets ambitieux et \u00ab\u00a0structurants\u00a0\u00bb, comme on les appelle, qui ont \u00e9t\u00e9 approuv\u00e9s \u00e0 l\u2019unanimit\u00e9 par l\u2019Assembl\u00e9e D\u00e9partementale : le grand contournement de Toulouse dont nous avons dit, lors du d\u00e9bat public, tout le mal que nous en pensions et puis, pour faire bonne mesure, l\u2019autoroute Amsterdam-Barcelonne via Foix qui serait, si elle se fait, la premi\u00e8re \u00e0 b\u00e9n\u00e9ficier de la clause d\u00e9rogatoire du Grenelle de l\u2019Environnement. (Pour m\u00e9moire : moratoire sur les autoroutes sauf cas de force majeure).<\/p>\n<p>Et l\u00e0, la force majeure, c\u2019est l\u2019obstination du Conseil G\u00e9n\u00e9ral et de son Pr\u00e9sident \u00e0 rester dans une logique d\u2019un autre temps qui consiste \u00e0 dire que non seulement la circulation des personnes et des marchandises doit continuer comme avant, mais qu\u2019elle peut, qu\u2019elle doit et qu\u2019elle va encore augmenter, et cela gr\u00e2ce \u00e0 la d\u00e9termination des \u00e9lus du D\u00e9partement, qui sont m\u00eame pr\u00eats \u00e0 en d\u00e9coudre avec les \u00e9cologistes. C\u2019est dire !!!<\/p>\n<p>Comment peut-on, dans le m\u00eame temps, invoquer le \u00ab\u00a0d\u00e9veloppement durable\u00a0\u00bb \u00e0 chaque d\u00e9tour d\u2019Agenda 21 et de pr\u00e9sentation de budget ? Comment peut-on savoir qu\u2019il nous faut diviser par quatre les \u00e9missions de gaz \u00e0 effet de serre et, dans le m\u00eame temps, faire comme si les transports routiers allaient obligatoirement augmenter de 20% ? Est-ce que vous \u00eates aveugles et sourds ? Aveugles parce que vous ne voyez pas que tous les clignotants sont au rouge ? Vous ne lisez aucun article qui traite de ces questions ? Vous n\u2019entendez pas les \u00e9missions de radio ou de t\u00e9l\u00e9 qui parlent d\u2019un consensus comme on n\u2019en a aucun exemple dans toute l\u2019histoire de la science sur la responsabilit\u00e9 des activit\u00e9s humaines ? Vous n\u2019avez pas lu que l\u2019ampleur de la fonte des glaces au p\u00f4le, cet \u00e9t\u00e9, a \u00e9t\u00e9 celle pr\u00e9vue pour 2030 ? Vous n\u2019avez pas lu que, de l\u2019aveu-m\u00eame de leurs auteurs, les chiffres avanc\u00e9s par le GIEC n\u2019\u00e9taient d\u00e9j\u00e0 plus valables trois mois apr\u00e8s leur parution ?<\/p>\n<p>Un projet comme celui de l\u2019autoroute Amsterdam-Barcelonne est de ceux qui nous am\u00e8nent dans le mur \u00e0 grande vitesse avec comme seuls b\u00e9n\u00e9fices la possibilit\u00e9 pour les toulousains de se rendre plus facilement \u00e0 Andorre et pour les touristes de traverser l\u2019Ari\u00e8ge sans s\u2019arr\u00eater. A ce type de projet nous r\u00e9pondons ferroutage, circuits courts et relocalisation des activit\u00e9s \u00e9conomiques afin de gagner du temps et emp\u00eacher le r\u00e9chauffement climatique de devenir incontr\u00f4lable.<\/p>\n<p>Sources: <a title=\"http:\/\/www.amisdelaterre.org\/PROJET-AUTOROUTIER-BARCELONE-FOIX.html\" href=\"https:\/\/www.amisdelaterre.org\/\" target=\"_blank\" rel=\"noopener\">www.amisdelaterre.org<\/a> et <a title=\"http:\/\/www.gazette-ariegeoise.fr\/spip.php?article167\" href=\"http:\/\/www.gazette-ariegeoise.fr\/\" target=\"_blank\" rel=\"noopener\">www.gazette-ariegeoise.fr<\/a><\/p>\n","protected":false},"excerpt":{"rendered":"<p>Le nouveau projet autoroutier Barcelone Foix Amsterdam qui pr\u00e9tend passer dans la vall\u00e9e de la Haute Ari\u00e8ge n\u2019est pas un projet d\u2019utilit\u00e9 publique. Ce projet va d\u00e9truire les meilleures terres arables de l&rsquo;Ari\u00e8ge et les paysages Pyr\u00e9n\u00e9ens. Il va augmenter les nuisances et les pollutions li\u00e9es aux transports et aux d\u00e9placements routiers [&#8230;] <a class=\"more-link\" href=\"https:\/\/carfree.fr\/index.php\/2008\/08\/30\/contre-le-projet-autoroutier-barcelone-foix-amsterdam\/\">Lire la suite&#8230;<\/a><\/p>\n","protected":false},"author":70,"featured_media":45148,"comment_status":"open","ping_status":"open","sticky":false,"template":"","format":"standard","meta":[],"categories":[77],"tags":[146,112,473,110,281,309,347,33,172,218],"views":10760,"_links":{"self":[{"href":"https:\/\/carfree.fr\/index.php\/wp-json\/wp\/v2\/posts\/676"}],"collection":[{"href":"https:\/\/carfree.fr\/index.php\/wp-json\/wp\/v2\/posts"}],"about":[{"href":"https:\/\/carfree.fr\/index.php\/wp-json\/wp\/v2\/types\/post"}],"author":[{"embeddable":true,"href":"https:\/\/carfree.fr\/index.php\/wp-json\/wp\/v2\/users\/70"}],"replies":[{"embeddable":true,"href":"https:\/\/carfree.fr\/index.php\/wp-json\/wp\/v2\/comments?post=676"}],"version-history":[{"count":0,"href":"https:\/\/carfree.fr\/index.php\/wp-json\/wp\/v2\/posts\/676\/revisions"}],"wp:featuredmedia":[{"embeddable":true,"href":"https:\/\/carfree.fr\/index.php\/wp-json\/wp\/v2\/media\/45148"}],"wp:attachment":[{"href":"https:\/\/carfree.fr\/index.php\/wp-json\/wp\/v2\/media?parent=676"}],"wp:term":[{"taxonomy":"category","embeddable":true,"href":"https:\/\/carfree.fr\/index.php\/wp-json\/wp\/v2\/categories?post=676"},{"taxonomy":"post_tag","embeddable":true,"href":"https:\/\/carfree.fr\/index.php\/wp-json\/wp\/v2\/tags?post=676"}],"curies":[{"name":"wp","href":"https:\/\/api.w.org\/{rel}","templated":true}]}}