{"id":6791,"date":"2010-02-12T11:13:15","date_gmt":"2010-02-12T10:13:15","guid":{"rendered":"http:\/\/carfree.fr\/?p=6791"},"modified":"2021-01-07T17:48:36","modified_gmt":"2021-01-07T16:48:36","slug":"gueule-ouverte-lautomobile-predatrice","status":"publish","type":"post","link":"https:\/\/carfree.fr\/index.php\/2010\/02\/12\/gueule-ouverte-lautomobile-predatrice\/","title":{"rendered":"Gueule ouverte: l&rsquo;automobile pr\u00e9datrice"},"content":{"rendered":"<p><img decoding=\"async\" loading=\"lazy\" title=\"automobile-predatrice\" src=\"http:\/\/carfree.fr\/images\/automobile-predatrice.jpg\" alt=\"automobile-predatrice\" width=\"420\" height=\"200\" \/><\/p>\n<p>Bon, l&rsquo;air du temps est \u00e0 l&rsquo;\u00e9cologie, \u00e0 la sobri\u00e9t\u00e9 et \u00e0 la douceur:  l&rsquo;industrie automobile n&rsquo;est pas en reste, mais bonus \u00e9cologique et  prime \u00e0 la casse n&rsquo;ont pas permis \u00e0 Peugeot-Citro\u00ebn d&rsquo;\u00e9viter plus d&rsquo;un  milliard de perte  nette en 2009. <!--more--><\/p>\n<p>En effet et comme je l&rsquo;avais pressenti d\u00e8s le d\u00e9but de ces mesures  gouvernementales sur mon blog, le bonus \u00e9cologique est plut\u00f4t une  mauvaise affaire pour l&rsquo;industrie automobile. J&rsquo;ai entendu hier sur  i-t\u00e9l\u00e9 un dirigeant qui expliquait que les marges des voitures  \u00e9cologiques \u00e9taient trop faibles pour faire du profit!<\/p>\n<p>Avec ce mod\u00e8le \u00e0 la gueule ouverte et aux inqui\u00e9tantes vitres  obscures, on a l&rsquo;impression que les d\u00e9cisionnaires de PSA veulent  conjurer l&rsquo;adoucissement ambiant des moeurs: il faut r\u00e9veiller  l&rsquo;instinct pr\u00e9dateur qui sommeille dans chaque client et renouer avec  l&rsquo;espace routier tel qu&rsquo;id\u00e9alis\u00e9 par l&rsquo;industrie automobile: celui d&rsquo;un  monde o\u00f9 r\u00e8gne la loi du plus fort, la menace et l&rsquo;intimidation sur les  plus faibles: pi\u00e9tons et cyclistes.<\/p>\n<h2>Cette image est une tentative d\u00e9sesp\u00e9r\u00e9e de renouer avec l&rsquo;\u00e2ge d&rsquo;or  r\u00e9volu de l&rsquo;automobile particuli\u00e8re o\u00f9 seuls comptaient le confort, la  s\u00e9curit\u00e9 et les performances du chauffeur au d\u00e9triment de la  collectivit\u00e9 et de la plan\u00e8te.<\/h2>\n<p>GC,<br \/>\nLes voies vertes en 06-ouest:<br \/>\n<a href=\"http:\/\/gilles.chomel.free.fr\/\" target=\"_blank\">www.LecoLomobiLe.fr<\/a><br \/>\nLabo d&rsquo;id\u00e9es sur l&rsquo;auto du futur<br \/>\n<a href=\"http:\/\/www.lacpa.fr\/\" target=\"_blank\">www.LACPA.fr<\/a><\/p>\n","protected":false},"excerpt":{"rendered":"<p>Bon, l&rsquo;air du temps est \u00e0 l&rsquo;\u00e9cologie, \u00e0 la sobri\u00e9t\u00e9 et \u00e0 la douceur: l&rsquo;industrie automobile n&rsquo;est pas en reste, mais bonus \u00e9cologique et prime \u00e0 la casse n&rsquo;ont pas <a class=\"more-link\" href=\"https:\/\/carfree.fr\/index.php\/2010\/02\/12\/gueule-ouverte-lautomobile-predatrice\/\">Lire la suite&#8230;<\/a><\/p>\n","protected":false},"author":27,"featured_media":6820,"comment_status":"open","ping_status":"open","sticky":false,"template":"","format":"standard","meta":[],"categories":[73,1038],"tags":[551,402,646,84,99,81,61,265,393,101,54,523,151],"views":5874,"_links":{"self":[{"href":"https:\/\/carfree.fr\/index.php\/wp-json\/wp\/v2\/posts\/6791"}],"collection":[{"href":"https:\/\/carfree.fr\/index.php\/wp-json\/wp\/v2\/posts"}],"about":[{"href":"https:\/\/carfree.fr\/index.php\/wp-json\/wp\/v2\/types\/post"}],"author":[{"embeddable":true,"href":"https:\/\/carfree.fr\/index.php\/wp-json\/wp\/v2\/users\/27"}],"replies":[{"embeddable":true,"href":"https:\/\/carfree.fr\/index.php\/wp-json\/wp\/v2\/comments?post=6791"}],"version-history":[{"count":0,"href":"https:\/\/carfree.fr\/index.php\/wp-json\/wp\/v2\/posts\/6791\/revisions"}],"wp:featuredmedia":[{"embeddable":true,"href":"https:\/\/carfree.fr\/index.php\/wp-json\/"}],"wp:attachment":[{"href":"https:\/\/carfree.fr\/index.php\/wp-json\/wp\/v2\/media?parent=6791"}],"wp:term":[{"taxonomy":"category","embeddable":true,"href":"https:\/\/carfree.fr\/index.php\/wp-json\/wp\/v2\/categories?post=6791"},{"taxonomy":"post_tag","embeddable":true,"href":"https:\/\/carfree.fr\/index.php\/wp-json\/wp\/v2\/tags?post=6791"}],"curies":[{"name":"wp","href":"https:\/\/api.w.org\/{rel}","templated":true}]}}