{"id":6962,"date":"2010-02-19T14:32:51","date_gmt":"2010-02-19T13:32:51","guid":{"rendered":"http:\/\/carfree.fr\/?p=6962"},"modified":"2016-04-04T13:56:52","modified_gmt":"2016-04-04T12:56:52","slug":"automobilistes-automobilisez-vous","status":"publish","type":"post","link":"https:\/\/carfree.fr\/index.php\/2010\/02\/19\/automobilistes-automobilisez-vous\/","title":{"rendered":"Automobilistes, automobilisez-vous !"},"content":{"rendered":"<p><img decoding=\"async\" loading=\"lazy\" class=\"alignnone size-full wp-image-6968\" title=\"Tu sais o\u00f9 je vais te le mettre celui-l\u00e0?\" src=\"http:\/\/carfree.fr\/images\/margerie.jpg\" alt=\"Tu sais o\u00f9 je vais te le mettre celui-l\u00e0?\" width=\"420\" height=\"200\" \/><br \/>\n<span style=\"font-size: 85%;\"><span style=\"font-style: italic;\">\u201cTu sais o\u00f9 je vais te le mettre celui-l\u00e0?\u201d<\/span><\/span><\/p>\n<p>Merde alors! Les b\u00e9n\u00e9fices du groupe Total sont en chute libre en 2009, avec seulement 7,8 milliards d&rsquo;euros! L&rsquo;industrie p\u00e9troli\u00e8re nationale est proche de la faillite, nous demandons aux automobilistes fran\u00e7ais de s&rsquo;auto-mobiliser et d&rsquo;aller acheter rapidement de grandes quantit\u00e9s d&rsquo;essence dans les stations services Total. <!--more--><\/p>\n<p><img decoding=\"async\" loading=\"lazy\" title=\"profits-total\" src=\"http:\/\/carfree.fr\/images\/profits-total.jpg\" alt=\"\" width=\"420\" height=\"100\" \/><\/p>\n<p>En effet, seul un acte civique massif pourra endiguer la b\u00e9r\u00e9zina du secteur p\u00e9trolier. Depuis maintenant plusieurs ann\u00e9es, les profits annuels du groupe Total d\u00e9passaient largement les 10 milliards d&rsquo;euros, jusqu&rsquo;\u00e0 cette tragique ann\u00e9e 2009 o\u00f9 le b\u00e9n\u00e9fice net ne d\u00e9passe m\u00eame pas 8 milliards d&rsquo;euros, une mis\u00e8re&#8230;<\/p>\n<p>Des licenciements massifs, des fermetures d&rsquo;usines et des d\u00e9localisations sont \u00e0 pr\u00e9voir afin de restaurer le taux de profit et rassurer l&rsquo;actionnaire. D\u00e9j\u00e0, la raffinerie de Dunkerque est menac\u00e9e&#8230; il faut sauver le soldat Total au moment m\u00eame o\u00f9 la gr\u00e8ve g\u00e9n\u00e9rale des raffineries menace l&rsquo;approvisionnement en carburant des automobilistes fran\u00e7ais.<\/p>\n<p>Car le groupe Total doit non seulement faire face \u00e0 une baisse historique de ses b\u00e9n\u00e9fices, mais aussi \u00e0 une r\u00e9bellion g\u00e9n\u00e9rale de ses salari\u00e9s manipul\u00e9s par de dangereux organismes pilot\u00e9s de Moscou, telle la CGT pro-communiste.<\/p>\n<p>Automobilistes, il faut agir! Notre essence et notre prestige national en d\u00e9pendent!<\/p>\n<p>Afin de restaurer les b\u00e9n\u00e9fices du groupe Total \u00e0 leur niveau pr\u00e9c\u00e9dent, nous vous proposons donc de lancer un grand mouvement national intitul\u00e9 \u00ab\u00a0Plus jamais en-dessous 10 milliards\u00a0\u00bb.<\/p>\n<p>Pour cela, nous vous invitons \u00e0 vous pr\u00e9cipiter d\u00e8s \u00e0 pr\u00e9sent dans les stations service Total afin de faire le plein d&rsquo;essence et stocker le maximum de carburant possible, \u00e0 la fois pour restaurer les b\u00e9n\u00e9fices de Total, mais aussi en pr\u00e9vision de l&rsquo;\u00e9puisement des r\u00e9serves de carburant dans les stations suite \u00e0 l&rsquo;action monstrueuse de quelques syndicalistes rouges mangeurs d&rsquo;enfants.<\/p>\n<p>Et si vous ne pouvez pas stocker le carburant, videz-le dans les lacs, les rivi\u00e8res et les oc\u00e9ans, c&rsquo;est toujours \u00e7a que les communistes n&rsquo;auront pas et cela vous rappellera le bon temps, l&rsquo;\u00e9poque de l&rsquo;Erika et des plus belles mar\u00e9es noires du groupe Total.<\/p>\n<p>Vive le p\u00e9trole! Vive Total! Vive la France!<\/p>\n","protected":false},"excerpt":{"rendered":"<p>\u201cTu sais o\u00f9 je vais te le mettre celui-l\u00e0?\u201d Merde alors! Les b\u00e9n\u00e9fices du groupe Total sont en chute libre en 2009, avec seulement 7,8 milliards d&rsquo;euros! L&rsquo;industrie p\u00e9troli\u00e8re nationale <a class=\"more-link\" href=\"https:\/\/carfree.fr\/index.php\/2010\/02\/19\/automobilistes-automobilisez-vous\/\">Lire la suite&#8230;<\/a><\/p>\n","protected":false},"author":18,"featured_media":6968,"comment_status":"open","ping_status":"open","sticky":false,"template":"","format":"standard","meta":[],"categories":[52,73,6,124],"tags":[639,290,330,193,437,636,162,1663,16,81,272,45,287,117,155],"views":4444,"_links":{"self":[{"href":"https:\/\/carfree.fr\/index.php\/wp-json\/wp\/v2\/posts\/6962"}],"collection":[{"href":"https:\/\/carfree.fr\/index.php\/wp-json\/wp\/v2\/posts"}],"about":[{"href":"https:\/\/carfree.fr\/index.php\/wp-json\/wp\/v2\/types\/post"}],"author":[{"embeddable":true,"href":"https:\/\/carfree.fr\/index.php\/wp-json\/wp\/v2\/users\/18"}],"replies":[{"embeddable":true,"href":"https:\/\/carfree.fr\/index.php\/wp-json\/wp\/v2\/comments?post=6962"}],"version-history":[{"count":0,"href":"https:\/\/carfree.fr\/index.php\/wp-json\/wp\/v2\/posts\/6962\/revisions"}],"wp:featuredmedia":[{"embeddable":true,"href":"https:\/\/carfree.fr\/index.php\/wp-json\/"}],"wp:attachment":[{"href":"https:\/\/carfree.fr\/index.php\/wp-json\/wp\/v2\/media?parent=6962"}],"wp:term":[{"taxonomy":"category","embeddable":true,"href":"https:\/\/carfree.fr\/index.php\/wp-json\/wp\/v2\/categories?post=6962"},{"taxonomy":"post_tag","embeddable":true,"href":"https:\/\/carfree.fr\/index.php\/wp-json\/wp\/v2\/tags?post=6962"}],"curies":[{"name":"wp","href":"https:\/\/api.w.org\/{rel}","templated":true}]}}