{"id":698,"date":"2005-09-23T12:15:31","date_gmt":"2005-09-23T11:15:31","guid":{"rendered":"http:\/\/carfree.fr\/index.php\/2005\/09\/23\/operation-anti-4x4\/"},"modified":"2025-01-07T10:23:52","modified_gmt":"2025-01-07T09:23:52","slug":"operation-anti-4x4","status":"publish","type":"post","link":"https:\/\/carfree.fr\/index.php\/2005\/09\/23\/operation-anti-4x4\/","title":{"rendered":"Op\u00e9ration anti 4&#215;4"},"content":{"rendered":"<p>Hier soir \u00e0 eu lieu la plus grosse op\u00e9ration anti 4X4 jamais r\u00e9alis\u00e9e \u00e0 Paris, \u00e0 l&rsquo;appel historique du Pr\u00e9sident de la R\u00e9publique Fran\u00e7aise : \u00ab\u00a0Notre maison br\u00fble et nous regardons ailleurs.\u00a0\u00bb <!--more--><\/p>\n<p>\u00ab\u00a0La nature, mutil\u00e9e, surexploit\u00e9e, ne parvient plus \u00e0 se reconstituer et nous refusons de l&rsquo;admettre. L&rsquo;humanit\u00e9 souffre. Elle souffre de mal-d\u00e9veloppement, au Nord comme au Sud, et nous sommes indiff\u00e9rents. La terre et l&rsquo;humanit\u00e9 sont en p\u00e9ril et nous en sommes tous responsables.\u00a0\u00bb<\/p>\n<p>Jacques Chirac, le 2 septembre 2002 \u00e0 Johannesburg<\/p>\n<p>Les d\u00e9gonfl\u00e9s en partenariat avec le minist\u00e8re de l&rsquo;\u00e9cologie passent \u00e0 l&rsquo;action.<\/p>\n<p>32 \u00e9cowarriors r\u00e9partis en groupes de deux ou trois ont attaqu\u00e9s les VUS de la capitale.<\/p>\n<p><span style=\"font-weight: bold;\">Bilan et m\u00e9thodes utilis\u00e9es :<\/span><br \/>\nContr\u00f4les : 0<br \/>\nArrestations : 0<br \/>\nContact avec un possesseur : 0<br \/>\nStickages : 54 V\u00e9hicules<br \/>\nProjections de boue : 32 V\u00e9hicules<br \/>\nD\u00e9gonflements : 19 V\u00e9hicules<br \/>\nSoit un total de : 95 v\u00e9hicules travaill\u00e9s<\/p>\n<p>DEMANDE D\u2019ENL\u00c8VEMENT<\/p>\n<p>Le Gouvernement se penche sur ce probl\u00e8me d\u00e9licat, mais quelle marge de man\u0153uvre peut-il avoir face \u00e0 un lobby automobile qui a en main des millions d&#8217;emplois \u00e0 travers le monde. Le 4&#215;4 se d\u00e9veloppe et prend place dans le paysage courant, hors de toute fonctionnalit\u00e9. L&rsquo;\u00e9puisement des ressources naturelles, le d\u00e9r\u00e8glement climatique et l&rsquo;ins\u00e9curit\u00e9 routi\u00e8re persistante r\u00e9clament des citoyens responsables et courageux \u00e0 m\u00eame de d\u00e9faire les m\u00e9canismes marketing qui forcent le d\u00e9sir et rendent n\u00e9cessaire les achats irr\u00e9fl\u00e9chis de certains automobilistes adeptes du \u00ab toujours plus \u00bb.<\/p>\n<p>Avec une progression des ventes avoisinant les 20% pour le premier semestre 2004, les v\u00e9hicules \u00e0 quatre roues motrices ont le vent en poupe. B\u00e9n\u00e9ficiant d&rsquo;une publicit\u00e9 incessante, les 4&#215;4 repr\u00e9sentent d\u00e9sormais 5% du parc automobile fran\u00e7ais. Contre toute attente et malgr\u00e9 les d\u00e9n\u00e9gations des adeptes de ces v\u00e9hicules, ils sont majoritairement utilis\u00e9s en milieu urbain pour des trajets courts. Leur inadaptation est donc criante mais l&rsquo;air du temps semble interdire toute remise en cause.<\/p>\n<p>C&rsquo;est ainsi qu&rsquo;un effet de mode purement compulsif, tout droit venu des Etats-Unis, peut prosp\u00e9rer dans et \u00e0 proximit\u00e9 des zones urbaines ! Ces v\u00e9hicules parmi les plus gourmands en carburant utilisent \u00e9go\u00efstement une ressource naturelle pr\u00e9cieuse tout en accroissant encore un peu plus nos \u00e9missions de gaz \u00e0 effet de serre, responsables du d\u00e9r\u00e8glement climatique. Avec un poids d\u00e9passant la tonne et demie, un gabarit souvent hors de proportion et une certaine incivilit\u00e9 caract\u00e9ris\u00e9e par des stationnements anarchiques permis par un bas de caisse sur\u00e9lev\u00e9, les 4&#215;4 sont en partie responsables de l&rsquo;ins\u00e9curit\u00e9 routi\u00e8re ambiante.<\/p>\n<p>En cons\u00e9quence un nombre croissant de citoyens entrent en r\u00e9bellion en d\u00e9non\u00e7ant la pratique des v\u00e9hicules tout terrains en milieu urbain, sans commettre d&rsquo;acte de vandalisme. D\u00e9gonflement ou projection de boue Cette campagne utilise des m\u00e9thodes d&rsquo;action directe qui restent contestables, il est claire que dans une soci\u00e9t\u00e9 de droit il est pr\u00e9f\u00e9rable de ne pas se faire justice soit m\u00eame, consid\u00e9rons qu&rsquo;il s&rsquo;agit l\u00e0 d&rsquo;une l\u00e9gitime d\u00e9fense.<\/p>\n<p>Les d\u00e9gonfl\u00e9s<\/p>\n","protected":false},"excerpt":{"rendered":"<p>Hier soir \u00e0 eu lieu la plus grosse op\u00e9ration anti 4X4 jamais r\u00e9alis\u00e9e \u00e0 Paris, \u00e0 l&rsquo;appel historique du Pr\u00e9sident de la R\u00e9publique Fran\u00e7aise : \u00ab\u00a0Notre maison br\u00fble et nous <a class=\"more-link\" href=\"https:\/\/carfree.fr\/index.php\/2005\/09\/23\/operation-anti-4x4\/\">Lire la suite&#8230;<\/a><\/p>\n","protected":false},"author":3,"featured_media":46198,"comment_status":"open","ping_status":"open","sticky":false,"template":"","format":"standard","meta":[],"categories":[73],"tags":[1848,183,190,106],"views":3556,"_links":{"self":[{"href":"https:\/\/carfree.fr\/index.php\/wp-json\/wp\/v2\/posts\/698"}],"collection":[{"href":"https:\/\/carfree.fr\/index.php\/wp-json\/wp\/v2\/posts"}],"about":[{"href":"https:\/\/carfree.fr\/index.php\/wp-json\/wp\/v2\/types\/post"}],"author":[{"embeddable":true,"href":"https:\/\/carfree.fr\/index.php\/wp-json\/wp\/v2\/users\/3"}],"replies":[{"embeddable":true,"href":"https:\/\/carfree.fr\/index.php\/wp-json\/wp\/v2\/comments?post=698"}],"version-history":[{"count":0,"href":"https:\/\/carfree.fr\/index.php\/wp-json\/wp\/v2\/posts\/698\/revisions"}],"wp:featuredmedia":[{"embeddable":true,"href":"https:\/\/carfree.fr\/index.php\/wp-json\/wp\/v2\/media\/46198"}],"wp:attachment":[{"href":"https:\/\/carfree.fr\/index.php\/wp-json\/wp\/v2\/media?parent=698"}],"wp:term":[{"taxonomy":"category","embeddable":true,"href":"https:\/\/carfree.fr\/index.php\/wp-json\/wp\/v2\/categories?post=698"},{"taxonomy":"post_tag","embeddable":true,"href":"https:\/\/carfree.fr\/index.php\/wp-json\/wp\/v2\/tags?post=698"}],"curies":[{"name":"wp","href":"https:\/\/api.w.org\/{rel}","templated":true}]}}