{"id":699,"date":"2005-12-27T12:18:48","date_gmt":"2005-12-27T11:18:48","guid":{"rendered":"http:\/\/carfree.fr\/index.php\/2005\/12\/27\/pour-un-degonflisme-radical\/"},"modified":"2024-06-11T11:53:07","modified_gmt":"2024-06-11T10:53:07","slug":"pour-un-degonflisme-radical","status":"publish","type":"post","link":"https:\/\/carfree.fr\/index.php\/2005\/12\/27\/pour-un-degonflisme-radical\/","title":{"rendered":"Pour un d\u00e9gonflisme radical"},"content":{"rendered":"<p><span style=\"font-style: italic\"><br \/>\nManifeste du <a href=\"http:\/\/carfree.fr\/index.php\/2006\/01\/08\/le-degonflisme-politique\/\" title=\"http:\/\/carfree.fr\/index.php\/2006\/01\/08\/le-degonflisme-politique\/\">D\u00e9gonflisme politique<\/a><\/span> <!--more--><\/p>\n<p>Face \u00e0 l&rsquo;orientation r\u00e9formiste prise par les D\u00e9gonfl\u00e9s (participation \u00e0 une manifestation d\u00e9clar\u00e9e en pr\u00e9fecture);<\/p>\n<p>Face au manque de professionnalisme affich\u00e9 par le sous-adjudant Marrant (m\u00e9daill\u00e9 du m\u00e9rite D\u00e9gonfl\u00e9, chevalier de l&rsquo;ordre des Flagadas) en proc\u00e9dant \u00e0 des projections de boue sur des 4X4 au risque d&rsquo;en faire la promotion en les faisant passer pour de vrais v\u00e9hicules d&rsquo;aventuriers;<\/p>\n<p>Face au courage affich\u00e9 par le sous-adjudant Marrant, coupable d&rsquo;\u00eatre revenu en France apr\u00e8s sa fuite dans les \u00eeles Tokelau, trahissant ainsi le dogme de l\u00e2chet\u00e9 des D\u00e9gonfl\u00e9s;<\/p>\n<p>Nous d\u00e9clarons le sus-nomm\u00e9 condamn\u00e9 par la premi\u00e8re chambre \u00e0 air du tribunal populaire et d\u00e9mocratique des D\u00e9gonfl\u00e9s pour les faits sus-dits, sus-mentionn\u00e9s et non-prescrits. Il n&rsquo;a pas \u00e9t\u00e9 invit\u00e9 \u00e0 pr\u00e9senter de d\u00e9fense, ni de corne de buffle.<\/p>\n<p>En cons\u00e9quence nous faisons scission ce jour (plut\u00f4t demain en fait) pour l&rsquo;unit\u00e9 des D\u00e9gonfl\u00e9s. Nous cr\u00e9ons ainsi le groupe <a href=\"http:\/\/p3f.blogg.org\/\" title=\"http:\/\/p3f.blogg.org\/\" target=\"_blank\" rel=\"noopener\">P3F<\/a> (PFFF).<\/p>\n<p>Nous avons d\u00e9j\u00e0 \u00e9t\u00e9 rejoint par la troisi\u00e8me division cycliste qui s&rsquo;est notamment illustr\u00e9e lors de la grande offensive de Neuilly et de la fuite (d&rsquo;air) de Saint-Mand\u00e9 et que j&rsquo;ai l&rsquo;honneur de commander depuis un mois. Le capitaine Trouduku, commandant le premier r\u00e9giment de Trouillards et fondateur des \u00ab\u00a0commandos Tapettes\u00a0\u00bb, fid\u00e8le \u00e0 sa r\u00e9putation, a l\u00e2chement abandonn\u00e9 le sous-adjudant Marrant pour rejoindre notre cause. De fait nous prenons le contr\u00f4le des 3\u00b0, 6\u00b0 et 8\u00b0 arrondissements.<\/p>\n<p><span style=\"font-weight: bold\">Toutefois nous refusons d&rsquo;engager une guerre fratricide qui nous d\u00e9tournerait de notre objectif principal : exclure le 4X4 du milieu urbain.<\/span><\/p>\n<p>Sur-adjudant Gachet<br \/>\n\u00ab\u00a0Parce que d\u00e9gonfler c&rsquo;est un m\u00e9tier\u00a0\u00bb<\/p>\n","protected":false},"excerpt":{"rendered":"<p>Manifeste du D\u00e9gonflisme politique<\/p>\n","protected":false},"author":3,"featured_media":46037,"comment_status":"open","ping_status":"open","sticky":false,"template":"","format":"standard","meta":[],"categories":[73],"tags":[1848,181,183,190,497],"views":3154,"_links":{"self":[{"href":"https:\/\/carfree.fr\/index.php\/wp-json\/wp\/v2\/posts\/699"}],"collection":[{"href":"https:\/\/carfree.fr\/index.php\/wp-json\/wp\/v2\/posts"}],"about":[{"href":"https:\/\/carfree.fr\/index.php\/wp-json\/wp\/v2\/types\/post"}],"author":[{"embeddable":true,"href":"https:\/\/carfree.fr\/index.php\/wp-json\/wp\/v2\/users\/3"}],"replies":[{"embeddable":true,"href":"https:\/\/carfree.fr\/index.php\/wp-json\/wp\/v2\/comments?post=699"}],"version-history":[{"count":0,"href":"https:\/\/carfree.fr\/index.php\/wp-json\/wp\/v2\/posts\/699\/revisions"}],"wp:featuredmedia":[{"embeddable":true,"href":"https:\/\/carfree.fr\/index.php\/wp-json\/wp\/v2\/media\/46037"}],"wp:attachment":[{"href":"https:\/\/carfree.fr\/index.php\/wp-json\/wp\/v2\/media?parent=699"}],"wp:term":[{"taxonomy":"category","embeddable":true,"href":"https:\/\/carfree.fr\/index.php\/wp-json\/wp\/v2\/categories?post=699"},{"taxonomy":"post_tag","embeddable":true,"href":"https:\/\/carfree.fr\/index.php\/wp-json\/wp\/v2\/tags?post=699"}],"curies":[{"name":"wp","href":"https:\/\/api.w.org\/{rel}","templated":true}]}}