{"id":6990,"date":"2010-02-22T18:47:54","date_gmt":"2010-02-22T17:47:54","guid":{"rendered":"http:\/\/carfree.fr\/index.php\/2010\/02\/22\/bilan-de-la-qualite-de-lair-2009-en-ile-de-france\/"},"modified":"2015-10-22T22:40:34","modified_gmt":"2015-10-22T21:40:34","slug":"bilan-de-la-qualite-de-lair-2009-en-ile-de-france","status":"publish","type":"post","link":"https:\/\/carfree.fr\/index.php\/2010\/02\/22\/bilan-de-la-qualite-de-lair-2009-en-ile-de-france\/","title":{"rendered":"Bilan de la qualit\u00e9 de l&rsquo;air 2009 en Ile-de-France"},"content":{"rendered":"<p>La qualit\u00e9 de l&rsquo;air quotidienne reste insatisfaisante en Ile-de-France pour certains polluants, plus particuli\u00e8rement au coeur de l&rsquo;agglom\u00e9ration parisienne et \u00e0 proximit\u00e9 du trafic. On estime qu&rsquo;environ 3 millions de Franciliens sont potentiellement expos\u00e9s \u00e0 des niveaux de pollution qui ne respectent pas la r\u00e9glementation et qui de plus marquent une certaine stabilit\u00e9. <!--more--><\/p>\n<p>Apr\u00e8s une ann\u00e9e 2008 remarquablement favorable compte tenu de conditions m\u00e9t\u00e9orologiques tr\u00e8s dispersives, 2009 correspond plut\u00f4t \u00e0 une ann\u00e9e normale, qui permet de confirmer un certain nombre de tendances : notamment une stabilit\u00e9 des niveaux de pollution chronique. Cinq polluants sont probl\u00e9matiques \u00e0 des degr\u00e9s divers dans la r\u00e9gion capitale, et ne respectent pas plusieurs r\u00e9glementations : le dioxyde d&rsquo;azote, les particules (PM10 et PM2,5), l&rsquo;ozone et le benz\u00e8ne (voir tableau ci-dessous).<\/p>\n<p>De plus, en 2010, les valeurs r\u00e9glementaires deviendront plus contraignantes pour le dioxyde d&rsquo;azote dont l&rsquo;objectif de qualit\u00e9 (40 \u00b5g\/m3) sera alors une valeur limite \u00e0 respecter, induisant un risque de contentieux avec l&rsquo;Europe dans le cas contraire. Compte tenu des niveaux enregistr\u00e9s et surtout de leur stabilit\u00e9, cette r\u00e9glementation ne pourra vraisemblablement pas \u00eatre respect\u00e9e \u00e0 proximit\u00e9 des grands axes, et m\u00eame loin du trafic, dans le coeur de l&rsquo;agglom\u00e9ration: ce polluant reste l&rsquo;enjeu principal en mati\u00e8re de pollution atmosph\u00e9rique en Ile-de-France. Quant au d\u00e9passement de la valeur limite pour les particules PM10, il est d\u00e9j\u00e0 effectif depuis 2003.<\/p>\n<p>Voir l&rsquo;article original, le communiqu\u00e9 de presse et le rapport complet sur le site d&rsquo;Airparif.<\/p>\n<p>Plus d&rsquo;infos sur <a title=\"http:\/\/respireleperiph.over-blog.com\/\" href=\"http:\/\/respireleperiph.over-blog.com\/\" target=\"_blank\">http:\/\/respireleperiph.over-blog.com\/<\/a><\/p>\n","protected":false},"excerpt":{"rendered":"<p>La qualit\u00e9 de l&rsquo;air quotidienne reste insatisfaisante en Ile-de-France pour certains polluants, plus particuli\u00e8rement au coeur de l&rsquo;agglom\u00e9ration parisienne et \u00e0 proximit\u00e9 du trafic. On estime qu&rsquo;environ 3 millions de <a class=\"more-link\" href=\"https:\/\/carfree.fr\/index.php\/2010\/02\/22\/bilan-de-la-qualite-de-lair-2009-en-ile-de-france\/\">Lire la suite&#8230;<\/a><\/p>\n","protected":false},"author":193,"featured_media":37525,"comment_status":"open","ping_status":"open","sticky":false,"template":"","format":"standard","meta":[],"categories":[52,73,1037],"tags":[677,244,685,431,426,169,16,595,425,421,106,33,320,220],"views":4827,"_links":{"self":[{"href":"https:\/\/carfree.fr\/index.php\/wp-json\/wp\/v2\/posts\/6990"}],"collection":[{"href":"https:\/\/carfree.fr\/index.php\/wp-json\/wp\/v2\/posts"}],"about":[{"href":"https:\/\/carfree.fr\/index.php\/wp-json\/wp\/v2\/types\/post"}],"author":[{"embeddable":true,"href":"https:\/\/carfree.fr\/index.php\/wp-json\/wp\/v2\/users\/193"}],"replies":[{"embeddable":true,"href":"https:\/\/carfree.fr\/index.php\/wp-json\/wp\/v2\/comments?post=6990"}],"version-history":[{"count":0,"href":"https:\/\/carfree.fr\/index.php\/wp-json\/wp\/v2\/posts\/6990\/revisions"}],"wp:featuredmedia":[{"embeddable":true,"href":"https:\/\/carfree.fr\/index.php\/wp-json\/wp\/v2\/media\/37525"}],"wp:attachment":[{"href":"https:\/\/carfree.fr\/index.php\/wp-json\/wp\/v2\/media?parent=6990"}],"wp:term":[{"taxonomy":"category","embeddable":true,"href":"https:\/\/carfree.fr\/index.php\/wp-json\/wp\/v2\/categories?post=6990"},{"taxonomy":"post_tag","embeddable":true,"href":"https:\/\/carfree.fr\/index.php\/wp-json\/wp\/v2\/tags?post=6990"}],"curies":[{"name":"wp","href":"https:\/\/api.w.org\/{rel}","templated":true}]}}