{"id":711,"date":"2005-10-08T12:53:59","date_gmt":"2005-10-08T11:53:59","guid":{"rendered":"http:\/\/carfree.fr\/index.php\/2005\/10\/08\/petrole-guerre-oppression-pauvrete\/"},"modified":"2025-01-07T11:16:28","modified_gmt":"2025-01-07T10:16:28","slug":"petrole-guerre-oppression-pauvrete","status":"publish","type":"post","link":"https:\/\/carfree.fr\/index.php\/2005\/10\/08\/petrole-guerre-oppression-pauvrete\/","title":{"rendered":"P\u00e9trole, guerre, oppression, pauvret\u00e9"},"content":{"rendered":"<p>L&rsquo;affaire ELF, qui restera dans l&rsquo;histoire africaine comme une sorte de Watergate avort\u00e9, \u00e9tait en fait le sympt\u00f4me de la maladie qui atteint le c\u0153ur de l&rsquo;Afrique. Partout o\u00f9 il y a une odeur de p\u00e9trole, il y a toujours une guerre, guerre sanglante ou guerre larv\u00e9e de la mis\u00e8re. <!--more--><\/p>\n<p>Du Soudan, au Tchad, au Congo, \u00e0 l&rsquo;Angola, en passant par l&rsquo;Alg\u00e9rie et le Nigeria, les conflits, derri\u00e8re le masque de l&rsquo;ethnisme ou de la religion, n&rsquo;ont pour enjeu que le contr\u00f4le des sites p\u00e9trolif\u00e8res. Lorsque, comme au Gabon ou en Guin\u00e9e \u00c9quatoriale, le pays n&rsquo;a que peu d&rsquo;habitants, ils sont maintenus dans la mis\u00e8re. Comment la d\u00e9mocratie peut-elle s&rsquo;instaurer, quand le dialogue essentiel n&rsquo;est pas celui des gouvernants et des gouvern\u00e9s, mais celui des gouvernants avec les seigneurs du p\u00e9trole, faiseurs de rois et v\u00e9ritables ma\u00eetres du jeu politique?<\/p>\n<p>Ce que nous voyons en Afrique ce sont des peuples d\u00e9poss\u00e9d\u00e9s de leur territoire, fuyant devant la violence. Au Darfour, comme dans le Sud Soudan, des millions de gens sont r\u00e9duits \u00e0 l&rsquo;errance. Il suffit d&rsquo;un massacre terroriste pour jeter sur les routes des populations apeur\u00e9es et sans d\u00e9fense. Ce que nous voyons ce sont des r\u00e9gions enti\u00e8res d\u00e9sol\u00e9es par les ravages de l&rsquo;exploitation p\u00e9troli\u00e8re, dans le delta du Niger, sur le trajet de l&rsquo;ol\u00e9oduc Tchad-Cameroun. La ru\u00e9e vers l&rsquo;or noir va s&rsquo;intensifier avec les besoins croissants de l&rsquo;\u00e9conomie mondiale et l&rsquo;irruption de la demande exponentielle de la Chine. La Mauritanie, la C\u00f4te d&rsquo;Ivoire, Sao-Tom\u00e9 et d&rsquo;autres sites sont sur la liste, promettant de nouvelles populations victimes \u00e0 l&rsquo;engloutissement de l&rsquo;ogre p\u00e9trolier.<\/p>\n<p>Mais, si nous suivons le cycle du p\u00e9trole, les d\u00e9g\u00e2ts ne s&rsquo;arr\u00eatent pas l\u00e0. Les \u00c9tats consommateurs tirent, par le biais des taxes, d&rsquo;\u00e9normes revenus du p\u00e9trole. Cela leur permet de subventionner les produits de l&rsquo;industrie moderne et d&rsquo;une agriculture intensive, lourdement m\u00e9canis\u00e9e, c&rsquo;est-\u00e0-dire grosse consommatrice. La machine se nourrit donc elle-m\u00eame. Ses produits frelat\u00e9s se retrouveront d\u00e9vers\u00e9s sur les pays pauvres, qui consommeront ainsi les retomb\u00e9es de leurs propres ressources revenues, sous forme de quasi d\u00e9chets, pour an\u00e9antir les productions vivri\u00e8res et artisanales locales. On note en effet, ces derni\u00e8res d\u00e9cennies, une r\u00e9duction de la production dans les pays pauvres, du fait de leur faible m\u00e9canisation, qui les rend non concurrentielles.<\/p>\n<p>Dette abusive, exploitation abusive, concurrence abusive, la pauvret\u00e9 est le r\u00e9sultat d&rsquo;un rapport de force politique, entretenu et sauvegard\u00e9 par les dictatures antinationales qui verrouillent les pays africains pour permettre impun\u00e9ment le pillage de leurs ressources, le p\u00e9trole n&rsquo;en \u00e9tant que la plus voyante. La boucle de l&rsquo;\u00e9tranglement est parfaite. Constatant cette \u00ab mal\u00e9diction \u00bb des ressources naturelles, les bons ap\u00f4tres parlent d&rsquo;aider les pays pauvres \u00e0 g\u00e9rer leurs ressources. On met en place des organismes cens\u00e9s contr\u00f4ler leur utilisation. Cette mise sous tutelle qui ne dit pas son nom, anim\u00e9e, en paroles, des meilleures intentions, n&rsquo;est que le moyen de s&rsquo;assurer le libre acc\u00e8s aux ressources.<\/p>\n<p>Qui mieux que les habitants d&rsquo;un pays sait ce qui est bon pour lui ? En tout cas le droit de choisir est inali\u00e9nable. On n&rsquo;a pas trouv\u00e9 mieux que le suffrage universel pour qu&rsquo;un peuple d\u00e9cide lui-m\u00eame pour lui-m\u00eame. Tout ce qui pr\u00e9tend esquiver ce principe n&rsquo;est que mystification. Tout ce qui fait obstacle \u00e0 ce principe, ou le d\u00e9nature par le faux-semblant, est cause de d\u00e9sastre. Le seul probl\u00e8me consiste donc dans la mise en \u0153uvre et le respect du suffrage universel. Cela ne devrait pas \u00eatre insurmontable. Puisque les grandes puissances et les institutions internationales sont tellement bienveillantes qu&rsquo;elles veulent g\u00e9rer les pays pauvres \u00e0 leur place, qu&rsquo;elles organisent donc, ou surveillent r\u00e9ellement, le recensement des populations, la tenue d&rsquo;\u00e9lections honn\u00eates et le d\u00e9pouillement rigoureux des votes.<\/p>\n<p>Jusqu&rsquo;\u00e0 pr\u00e9sent le bilan est calamiteux. Depuis la pseudo d\u00e9mocratisation des ann\u00e9es 1990 on a vu se perp\u00e9tuer par la fraude des r\u00e9gimes d\u00e9testables et d\u00e9test\u00e9s, ceux des Biya, Bongo, D\u00e9by, Sassou, et autres Compaor\u00e9 ou Eyad\u00e9ma. Le passage \u00e0 l&rsquo;Eyad\u00e9ma bis est venu porter \u00e0 son comble l&rsquo;\u00e9c\u0153urement des Africains. D\u00e9j\u00e0 se pr\u00e9parent d&rsquo;autres forfaitures. Au Gabon, au Burkina, les r\u00e9sultats sont connus d&rsquo;avance. Le grand Congo n&rsquo;arrive pas \u00e0 se remettre de l&rsquo;\u00e8re ruineuse de Mobutu. Tout le monde s&rsquo;y dispute les mines mais personne ne se bouscule pour assurer un processus \u00e9lectoral sans faille. Et \u00e0 l&rsquo;heure o\u00f9 nous bouclons, le colonel-pr\u00e9sident Azali suscite les pires inqui\u00e9tudes aux Comores.<\/p>\n<p>Dans un monde gouvern\u00e9 par le p\u00e9trole, quelle place y a-t-il pour les hommes ? Une image joyeuse cependant, celle d&rsquo;un jeune Camerounais port\u00e9 en triomphe apr\u00e8s avoir \u00e9chapp\u00e9 \u00e0 l&rsquo;expulsion gr\u00e2ce \u00e0 la protestation de ses camarades de lyc\u00e9e. Le bois et le p\u00e9trole quittent le Cameroun, l&rsquo;argent n&rsquo;y rentre pas, pourquoi les Camerounais n&rsquo;en feraient-ils pas autant ?<\/p>\n<p>Odile Tobner<\/p>\n<p>Billets d&rsquo;Afrique N\u00b0 140 (Octobre 2005) Publi\u00e9 le mercredi 28 septembre, 2005<\/p>\n","protected":false},"excerpt":{"rendered":"<p>L&rsquo;affaire ELF, qui restera dans l&rsquo;histoire africaine comme une sorte de Watergate avort\u00e9, \u00e9tait en fait le sympt\u00f4me de la maladie qui atteint le c\u0153ur de l&rsquo;Afrique. Partout o\u00f9 il <a class=\"more-link\" href=\"https:\/\/carfree.fr\/index.php\/2005\/10\/08\/petrole-guerre-oppression-pauvrete\/\">Lire la suite&#8230;<\/a><\/p>\n","protected":false},"author":11,"featured_media":46216,"comment_status":"open","ping_status":"open","sticky":false,"template":"","format":"standard","meta":[],"categories":[6],"tags":[1848,300,60,59,198,81,61,45],"views":3745,"_links":{"self":[{"href":"https:\/\/carfree.fr\/index.php\/wp-json\/wp\/v2\/posts\/711"}],"collection":[{"href":"https:\/\/carfree.fr\/index.php\/wp-json\/wp\/v2\/posts"}],"about":[{"href":"https:\/\/carfree.fr\/index.php\/wp-json\/wp\/v2\/types\/post"}],"author":[{"embeddable":true,"href":"https:\/\/carfree.fr\/index.php\/wp-json\/wp\/v2\/users\/11"}],"replies":[{"embeddable":true,"href":"https:\/\/carfree.fr\/index.php\/wp-json\/wp\/v2\/comments?post=711"}],"version-history":[{"count":0,"href":"https:\/\/carfree.fr\/index.php\/wp-json\/wp\/v2\/posts\/711\/revisions"}],"wp:featuredmedia":[{"embeddable":true,"href":"https:\/\/carfree.fr\/index.php\/wp-json\/wp\/v2\/media\/46216"}],"wp:attachment":[{"href":"https:\/\/carfree.fr\/index.php\/wp-json\/wp\/v2\/media?parent=711"}],"wp:term":[{"taxonomy":"category","embeddable":true,"href":"https:\/\/carfree.fr\/index.php\/wp-json\/wp\/v2\/categories?post=711"},{"taxonomy":"post_tag","embeddable":true,"href":"https:\/\/carfree.fr\/index.php\/wp-json\/wp\/v2\/tags?post=711"}],"curies":[{"name":"wp","href":"https:\/\/api.w.org\/{rel}","templated":true}]}}