{"id":714,"date":"2005-10-21T13:01:50","date_gmt":"2005-10-21T12:01:50","guid":{"rendered":"http:\/\/carfree.fr\/index.php\/2005\/10\/21\/budget-de-lademe-en-attendant-le-deluge\/"},"modified":"2025-01-07T10:24:35","modified_gmt":"2025-01-07T09:24:35","slug":"budget-de-lademe-en-attendant-le-deluge","status":"publish","type":"post","link":"https:\/\/carfree.fr\/index.php\/2005\/10\/21\/budget-de-lademe-en-attendant-le-deluge\/","title":{"rendered":"Budget de l\u2019Ademe : En attendant le d\u00e9luge"},"content":{"rendered":"<p>Agir pour l\u2019Environnement &#8211; R\u00e9seau Action Climat France<br \/>\nCommuniqu\u00e9 de presse du 21 octobre 05 <!--more--><\/p>\n<p>Paris, le 21 octobre 05 : Le budget 2006 laisse de nouveau appara\u00eetre des coupes sombres qui frappent les principales agences environnementales et les associations de protection de l\u2019environnement. Ainsi, l\u2019Agence de l\u2019environnement et de la ma\u00eetrise de l\u2019\u00e9nergie (Ademe) a vu son budget amput\u00e9 de 20%, ce qui mettra un terme \u00e0 bon nombre de projets en mati\u00e8re d\u2019\u00e9nergie et de climat, et, a fortiori d\u2019arriver \u00e0 diviser par 4 nos \u00e9missions de gaz \u00e0 effet de serre d\u2019ici 2050 comme le pr\u00e9voit le Plan Climat et le \u00ab Facteur 4 \u00bb.<\/p>\n<p>L\u2019Ademe devra \u00e0 l\u2019avenir compter sur une modeste taxe CO2 sur la vente de 4&#215;4 et ainsi esp\u00e9rer une progression des ventes de ces m\u00eames 4&#215;4 pour lancer des campagnes. contre ces v\u00e9hicules ! Cette politique de \u00ab gribouilles \u00bb a des cons\u00e9quences n\u00e9fastes sur l\u2019efficacit\u00e9 de la lutte contre le d\u00e9r\u00e8glement climatique et ce gouvernement est d\u00e9sormais comptable de son inaction en la mati\u00e8re.<\/p>\n<p>Jamais le double discours n\u2019a \u00e9t\u00e9 autant institutionnalis\u00e9 privil\u00e9giant une communication \u00ab hors sol \u00bb en contradiction totale avec les actes. Les beaux discours prof\u00e9r\u00e9s lors de la r\u00e9cente convention UMP sur l\u2019\u00e9cologie ont fait long feu. Les associations s\u2019insurgent contre cette volont\u00e9 gouvernementale d\u00e9lib\u00e9r\u00e9e d\u2019\u00e9touffer les associations et agences \u00e9tatiques d\u2019expertise et de d\u00e9bat en les asphyxiant financi\u00e8rement.<\/p>\n<p>Face aux enjeux du d\u00e9r\u00e8glement climatique et de la fin du p\u00e9trole \u00e0 bon march\u00e9, et en dehors des pulsions id\u00e9ologiques du \u00ab toujours moins d\u2019imp\u00f4t \u00bb, les associations de protection de l\u2019environnement r\u00e9clament a contrario une augmentation significative du budget de l\u2019Ademe afin que cette agence ait enfin les moyens de ses ambitions.<\/p>\n","protected":false},"excerpt":{"rendered":"<p>Agir pour l\u2019Environnement &#8211; R\u00e9seau Action Climat France Communiqu\u00e9 de presse du 21 octobre 05<\/p>\n","protected":false},"author":169,"featured_media":46199,"comment_status":"open","ping_status":"open","sticky":false,"template":"","format":"standard","meta":[],"categories":[124],"tags":[1848,326,57,56,84,55,68,16],"views":3543,"_links":{"self":[{"href":"https:\/\/carfree.fr\/index.php\/wp-json\/wp\/v2\/posts\/714"}],"collection":[{"href":"https:\/\/carfree.fr\/index.php\/wp-json\/wp\/v2\/posts"}],"about":[{"href":"https:\/\/carfree.fr\/index.php\/wp-json\/wp\/v2\/types\/post"}],"author":[{"embeddable":true,"href":"https:\/\/carfree.fr\/index.php\/wp-json\/wp\/v2\/users\/169"}],"replies":[{"embeddable":true,"href":"https:\/\/carfree.fr\/index.php\/wp-json\/wp\/v2\/comments?post=714"}],"version-history":[{"count":0,"href":"https:\/\/carfree.fr\/index.php\/wp-json\/wp\/v2\/posts\/714\/revisions"}],"wp:featuredmedia":[{"embeddable":true,"href":"https:\/\/carfree.fr\/index.php\/wp-json\/wp\/v2\/media\/46199"}],"wp:attachment":[{"href":"https:\/\/carfree.fr\/index.php\/wp-json\/wp\/v2\/media?parent=714"}],"wp:term":[{"taxonomy":"category","embeddable":true,"href":"https:\/\/carfree.fr\/index.php\/wp-json\/wp\/v2\/categories?post=714"},{"taxonomy":"post_tag","embeddable":true,"href":"https:\/\/carfree.fr\/index.php\/wp-json\/wp\/v2\/tags?post=714"}],"curies":[{"name":"wp","href":"https:\/\/api.w.org\/{rel}","templated":true}]}}