{"id":717,"date":"2005-11-06T13:14:26","date_gmt":"2005-11-06T12:14:26","guid":{"rendered":"http:\/\/carfree.fr\/index.php\/2005\/11\/06\/apres-petrole-ou-apres-nous-le-deluge\/"},"modified":"2025-01-07T11:17:48","modified_gmt":"2025-01-07T10:17:48","slug":"apres-petrole-ou-apres-nous-le-deluge","status":"publish","type":"post","link":"https:\/\/carfree.fr\/index.php\/2005\/11\/06\/apres-petrole-ou-apres-nous-le-deluge\/","title":{"rendered":"\u00ab\u00a0Apr\u00e8s-p\u00e9trole\u00a0\u00bb ou \u00ab\u00a0apr\u00e8s nous le d\u00e9luge\u00a0\u00bb ?"},"content":{"rendered":"<p>Devant la hausse du prix du p\u00e9trole, le Premier ministre demande \u00e0 la population de faire des \u00e9conomies, aux industriels de mettre sur le march\u00e9 des v\u00e9hicules qui consomment moins et aux ing\u00e9nieurs d&rsquo;inventer de nouveaux moyens de produire de l&rsquo;\u00e9nergie. <!--more--><\/p>\n<p>Et Villepin de d\u00e9clarer qu&rsquo;il faut pr\u00e9parer \u00ab\u00a0l&rsquo;\u00e8re de l&rsquo;apr\u00e8s-p\u00e9trole\u00a0\u00bb. Il n&rsquo;est \u00e9videmment pas le premier \u00e0 faire ce genre de d\u00e9clarations jamais suivies d&rsquo;effet, tout simplement parce que, pour le moment, c&rsquo;est la loi du profit qui gouverne l&rsquo;\u00e9conomie et pas l&rsquo;organisation et la pr\u00e9vision, m\u00eame pas celles des ministres bourgeois.<\/p>\n<p>C&rsquo;est d&rsquo;ailleurs pour cela que la soci\u00e9t\u00e9 tout enti\u00e8re, \u00e0 commencer par les classes populaires, peut se retrouver dans une situation catastrophique \u00e0 cause de la p\u00e9nurie (r\u00e9elle ou sp\u00e9culative) d&rsquo;une seule mati\u00e8re premi\u00e8re, le p\u00e9trole.<\/p>\n<p>Le p\u00e9trole s&rsquo;est impos\u00e9 comme source d&rsquo;\u00e9nergie \u00e0 cause de son exploitation facile et de son utilisation commode et parce que les voitures utilisant le p\u00e9trole peuvent \u00eatre fabriqu\u00e9es, et vendues, en tr\u00e8s grand nombre. Les pr\u00e9d\u00e9cesseurs de Villepin, au moment du d\u00e9marrage de la production de masse dans l&rsquo;automobile, dans les ann\u00e9es 1920 aux USA, apr\u00e8s 1945 en Europe, ne se sont pas pos\u00e9 la question de savoir comment on peut utiliser rationnellement le transport individuel, ni celle des \u00e9conomies sociales que l&rsquo;on peut faire en d\u00e9veloppant des transports collectifs de qualit\u00e9. Ils ont simplement laiss\u00e9 faire les grands groupes capitalistes, les ont m\u00eame aid\u00e9s en leur garantissant l&rsquo;acc\u00e8s aux sources de p\u00e9trole dans le monde entier, par la guerre au besoin; et ils ont fait financer par les \u00c9tats la construction de r\u00e9seaux de routes goudronn\u00e9es puis d&rsquo;autoroutes. L&rsquo;\u00e9nergie p\u00e9troli\u00e8re s&rsquo;est ainsi impos\u00e9e dans toute la soci\u00e9t\u00e9, entra\u00eenant le reste de l&rsquo;industrie.<\/p>\n<p>Les capitalistes de la construction, rejoignant ceux du p\u00e9trole, de l&rsquo;automobile et de la grande distribution, ont r\u00e9organis\u00e9 les villes, petites et grandes, en fonction de ce moyen de transport, au point qu&rsquo;il est devenu impossible, dans certaines agglom\u00e9rations, de faire ses courses quand on n&rsquo;a pas de voiture. C&rsquo;est l&rsquo;automobile qui a rendu possible le d\u00e9veloppement des grandes surfaces et le quasi-monopole qu&rsquo;elles ont acquis sur la distribution, cette concurrence ayant fait dispara\u00eetre la plupart des commerces de proximit\u00e9. Des millions de travailleurs voient leur journ\u00e9e de travail allong\u00e9e d&rsquo;un long temps de transport, dont une bonne part dans les embouteillages, et il est bien des emplois pour lesquels on ne peut m\u00eame pas postuler lorsqu&rsquo;on n&rsquo;a pas de voiture.<\/p>\n<p>La m\u00eame absurdit\u00e9 s&rsquo;est reproduite lorsque, pour des questions de rentabilit\u00e9 imm\u00e9diate, le transport des marchandises par la route a \u00e9t\u00e9 favoris\u00e9 aux d\u00e9pens du transport ferroviaire. Mais cette fois-ci les gouvernements ne peuvent pas plaider l&rsquo;ignorance devant les cons\u00e9quences: les camions ont remplac\u00e9 massivement le train, alors que les probl\u00e8mes de pollution et de limite des r\u00e9serves p\u00e9troli\u00e8res \u00e9taient d\u00e9j\u00e0 sur la place publique et le nombre de morts sur les routes plus que cons\u00e9quent. En fait, toutes les mesures de lib\u00e9ralisation du trafic des marchandises ont \u00e9t\u00e9 prises de mani\u00e8re \u00e0 pouvoir permettre aux entreprises de travailler \u00e0 \u00ab\u00a0flux tendu\u00a0\u00bb et donc d&rsquo;avoir une partie de leurs stocks sur les routes. Tant pis pour la circulation, tant pis pour la s\u00e9curit\u00e9, tant pis pour les chauffeurs&#8230; et tant pis si le prix du p\u00e9trole grimpe!<\/p>\n<p>C&rsquo;est le d\u00e9veloppement aveugle du syst\u00e8me capitaliste qui a men\u00e9 dans cette impasse qu&rsquo;est le monopole des soci\u00e9t\u00e9s p\u00e9troli\u00e8res et l&rsquo;organisation actuelle de la soci\u00e9t\u00e9. Il est bien incapable de nous en faire sortir.<\/p>\n<p>Paul GALOIS<\/p>\n<p><span style=\"font-weight: bold;\">Source:<\/span> <a href=\"https:\/\/journal.lutte-ouvriere.org\" target=\"_blank\" rel=\"noopener\">https:\/\/journal.lutte-ouvriere.org<\/a><\/p>\n","protected":false},"excerpt":{"rendered":"<p>Devant la hausse du prix du p\u00e9trole, le Premier ministre demande \u00e0 la population de faire des \u00e9conomies, aux industriels de mettre sur le march\u00e9 des v\u00e9hicules qui consomment moins <a class=\"more-link\" href=\"https:\/\/carfree.fr\/index.php\/2005\/11\/06\/apres-petrole-ou-apres-nous-le-deluge\/\">Lire la suite&#8230;<\/a><\/p>\n","protected":false},"author":11,"featured_media":46220,"comment_status":"open","ping_status":"open","sticky":false,"template":"","format":"standard","meta":[],"categories":[6],"tags":[1848,112,376,110,292,68,45,142,33,246,220,34],"views":3395,"_links":{"self":[{"href":"https:\/\/carfree.fr\/index.php\/wp-json\/wp\/v2\/posts\/717"}],"collection":[{"href":"https:\/\/carfree.fr\/index.php\/wp-json\/wp\/v2\/posts"}],"about":[{"href":"https:\/\/carfree.fr\/index.php\/wp-json\/wp\/v2\/types\/post"}],"author":[{"embeddable":true,"href":"https:\/\/carfree.fr\/index.php\/wp-json\/wp\/v2\/users\/11"}],"replies":[{"embeddable":true,"href":"https:\/\/carfree.fr\/index.php\/wp-json\/wp\/v2\/comments?post=717"}],"version-history":[{"count":0,"href":"https:\/\/carfree.fr\/index.php\/wp-json\/wp\/v2\/posts\/717\/revisions"}],"wp:featuredmedia":[{"embeddable":true,"href":"https:\/\/carfree.fr\/index.php\/wp-json\/wp\/v2\/media\/46220"}],"wp:attachment":[{"href":"https:\/\/carfree.fr\/index.php\/wp-json\/wp\/v2\/media?parent=717"}],"wp:term":[{"taxonomy":"category","embeddable":true,"href":"https:\/\/carfree.fr\/index.php\/wp-json\/wp\/v2\/categories?post=717"},{"taxonomy":"post_tag","embeddable":true,"href":"https:\/\/carfree.fr\/index.php\/wp-json\/wp\/v2\/tags?post=717"}],"curies":[{"name":"wp","href":"https:\/\/api.w.org\/{rel}","templated":true}]}}