{"id":721,"date":"2006-02-09T13:24:32","date_gmt":"2006-02-09T12:24:32","guid":{"rendered":"http:\/\/carfree.fr\/index.php\/2006\/02\/09\/la-fin-du-petrole-bon-marche\/"},"modified":"2018-06-13T12:51:18","modified_gmt":"2018-06-13T11:51:18","slug":"la-fin-du-petrole-bon-marche","status":"publish","type":"post","link":"https:\/\/carfree.fr\/index.php\/2006\/02\/09\/la-fin-du-petrole-bon-marche\/","title":{"rendered":"La fin du p\u00e9trole bon march\u00e9"},"content":{"rendered":"<p><img decoding=\"async\" loading=\"lazy\" src=\"http:\/\/carfree.fr\/img\/2006\/02\/le-prix-du-petrole-s-envole-carfree-1.jpg\" alt=\"\" width=\"200\" height=\"258\" class=\"alignnone size-full wp-image-40180\" \/><\/p>\n<p>La fin de l&rsquo;\u00e8re du p\u00e9trole bon march\u00e9 va entra\u00eener la fin du monde tel que nous le connaissons. Cette r\u00e9volution devrait avoir lieu avant 2015, ce qui nous laisse tr\u00e8s peu de temps pour \u00e9viter le chaos. Un homo sapiens averti en vaut deux, explications. <!--more--><\/p>\n<p>Toute notre soci\u00e9t\u00e9 mondialis\u00e9e repose sur un seul pilier : la disponibilit\u00e9 du p\u00e9trole bon march\u00e9. Le p\u00e9trole est omnipr\u00e9sent : l&rsquo;essence et le diesel pour les v\u00e9hicules et l&rsquo;industrie, le k\u00e9roz\u00e8ne pour les avions, le mazout pour le chauffage, les mati\u00e8res plastiques et les nombreux autres produits issus de la p\u00e9trochimie (engrais utilis\u00e9s en agriculture conventionnelle, m\u00e9dicaments, cosm\u00e9tiques, textiles synth\u00e9tiques, huiles, bitume, etc.).<\/p>\n<p>On croit \u00e0 tort que le probl\u00e8me de notre d\u00e9pendance au p\u00e9trole \u00e9mergera dans environ 35 ans, soit en 2040 environ, lorsque les r\u00e9serves de p\u00e9trole s&rsquo;\u00e9puiseront. Cette assertion est fausse parce que le v\u00e9ritable probl\u00e8me n&rsquo;est pas la quantit\u00e9 de p\u00e9trole disponible, mais son prix. Si le prix du p\u00e9trole augmente trop, notre syst\u00e8me s&rsquo;effondre : hausse du prix des transports routier et a\u00e9rien, baisse du trafic, baisse du tourisme, diminution des \u00e9changes internationaux, faillites en cha\u00eene, ch\u00f4mage croissant, r\u00e9cession durable et crise \u00e9conomique sans pr\u00e9c\u00e9dent.<\/p>\n<p>Or on sait que le prix du p\u00e9trole ne peut que monter d\u00e9sormais, voici pourquoi.<\/p>\n<p><a href=\"http:\/\/carfree.fr\/\"><span style=\"font-size: 78%\">Affiche de CarFree France<\/span><\/a><\/p>\n<p><span style=\"font-weight: bold\">La suite:<\/span> <a href=\"http:\/\/cohabiter.ch\/dossiers\/energie\/petrole\" target=\"_blank\">http:\/\/cohabiter.ch\/dossiers\/energie\/petrole<\/a><\/p>\n","protected":false},"excerpt":{"rendered":"<p>La fin de l&rsquo;\u00e8re du p\u00e9trole bon march\u00e9 va entra\u00eener la fin du monde tel que nous le connaissons. Cette r\u00e9volution devrait avoir lieu avant 2015, ce qui nous laisse <a class=\"more-link\" href=\"https:\/\/carfree.fr\/index.php\/2006\/02\/09\/la-fin-du-petrole-bon-marche\/\">Lire la suite&#8230;<\/a><\/p>\n","protected":false},"author":11,"featured_media":26637,"comment_status":"open","ping_status":"open","sticky":false,"template":"","format":"standard","meta":[],"categories":[6],"tags":[132,193,68,162,16,45,19,246],"views":3412,"_links":{"self":[{"href":"https:\/\/carfree.fr\/index.php\/wp-json\/wp\/v2\/posts\/721"}],"collection":[{"href":"https:\/\/carfree.fr\/index.php\/wp-json\/wp\/v2\/posts"}],"about":[{"href":"https:\/\/carfree.fr\/index.php\/wp-json\/wp\/v2\/types\/post"}],"author":[{"embeddable":true,"href":"https:\/\/carfree.fr\/index.php\/wp-json\/wp\/v2\/users\/11"}],"replies":[{"embeddable":true,"href":"https:\/\/carfree.fr\/index.php\/wp-json\/wp\/v2\/comments?post=721"}],"version-history":[{"count":0,"href":"https:\/\/carfree.fr\/index.php\/wp-json\/wp\/v2\/posts\/721\/revisions"}],"wp:featuredmedia":[{"embeddable":true,"href":"https:\/\/carfree.fr\/index.php\/wp-json\/"}],"wp:attachment":[{"href":"https:\/\/carfree.fr\/index.php\/wp-json\/wp\/v2\/media?parent=721"}],"wp:term":[{"taxonomy":"category","embeddable":true,"href":"https:\/\/carfree.fr\/index.php\/wp-json\/wp\/v2\/categories?post=721"},{"taxonomy":"post_tag","embeddable":true,"href":"https:\/\/carfree.fr\/index.php\/wp-json\/wp\/v2\/tags?post=721"}],"curies":[{"name":"wp","href":"https:\/\/api.w.org\/{rel}","templated":true}]}}