{"id":733,"date":"2005-03-18T14:02:30","date_gmt":"2005-03-18T13:02:30","guid":{"rendered":"http:\/\/carfree.fr\/index.php\/2005\/03\/18\/caca-la-bagnole\/"},"modified":"2024-02-27T13:36:06","modified_gmt":"2024-02-27T12:36:06","slug":"caca-la-bagnole","status":"publish","type":"post","link":"https:\/\/carfree.fr\/index.php\/2005\/03\/18\/caca-la-bagnole\/","title":{"rendered":"Caca la bagnole !"},"content":{"rendered":"<p><span style=\"font-style: italic\">Claque de la semaine par Fr\u00e9d\u00e9ric DUBOIS<\/span><\/p>\n<p>A l&rsquo;heure o\u00f9 nos poumons fermentent et que nous subissons plus que jamais les s\u00e9vices de la pollution automobile &#8211; immonde asphyxie urbaine, distill\u00e9e quotidiennement pour le bien de nos mollets qui ne supportent plus la marche, et sous le honteux pr\u00e9texte \u00ab\u00a0qu&rsquo;il faut bien aller au boulot\u00a0\u00bb &#8211; on nous annonce avec des airs de victoire que la 82e \u00e9dition du salon de l&rsquo;automobile a \u00e9t\u00e9 \u00ab\u00a0un grand cru\u00a0\u00bb. <!--more--><\/p>\n<p>Le saint p\u00e8lerinage de la bagnole s&rsquo;est achev\u00e9 il y a quelques heures, et les constructeurs se r\u00e9jouissent d\u00e9j\u00e0 du sinistre chiffre des ventes de leurs tacots high-tech et meurtriers, dont la puissance motrice n&rsquo;a plus rien \u00e0 envier \u00e0 celle des surg\u00e9n\u00e9rateurs nucl\u00e9aires (520 chevaux pour la derni\u00e8re Mercedes Coup\u00e9 !!!). Aux derni\u00e8res estimations, plus de 730 000 accros au monoxyde de carbone, avides d&#8217;embouteillages p\u00e9destres et de pr\u00eats personnels se sont bouscul\u00e9s au salon pour assouvir leurs envies de \u00ab\u00a0libert\u00e9\u00a0\u00bb et occasionner une croissance des ventes de 10%.<\/p>\n<p>Les \u00ab\u00a0Sales Manager\u00a0\u00bb mettent le nombre de visiteurs et le chiffre des ventes au compte de la confiance que les consommateurs \u00e9prouvent envers l&rsquo;\u00e9conomie actuelle. Il faut dire que le climat \u00e9conomique a tout pour inspirer la confiance : Avec un gouvernement qui, visiblement conscient de son incapacit\u00e9 \u00e0 cr\u00e9er les 200 000 emplois qu&rsquo;il aimerait avoir \u00ab\u00a0lapsuss\u00e9\u00a0\u00bb, d\u00e9cide de mettre la pression sur les ch\u00f4meurs en leur promettant de nouvelles mesures de contr\u00f4le \u00e0 en faire p\u00e2lir Staline, ou encore Ford qui ferme ses portes \u00e0 Gand, Kodak qui licencie 20% de son personnel, sans oublier les faillites \u00e9pisodiques de nos compagnies a\u00e9riennes, que demander de plus au niveau de la confiance et de la s\u00e9curit\u00e9 !<\/p>\n<p>Alors vive la bagnole ! Vous aurez tout le temps de faire valoir vos 520 chevaux et de songer aux 48 nouvelles \u00e9ch\u00e9ances qu&rsquo;il vous reste \u00e0 honorer, lorsque demain matin vous contemplerez, perplexe, le cul d&rsquo;une Fiat Punto qui tout comme vous prend du retard sur le viaduc Hermann-Debroux.<\/p>\n<p>Pour info, Helmut Newton, lui aussi, adorait la bagnole. Adieu Helmut.<\/p>\n<p><span style=\"font-weight: bold\">Fr\u00e9d\u00e9ric DUBOIS<br \/>\n01.2004<\/span><\/p>\n<p>Source: <a href=\"http:\/\/collimateur.obscurescence.net\/\" target=\"_blank\" rel=\"noopener\">http:\/\/collimateur.obscurescence.net\/<\/a><br \/>\nPour recevoir des \u00ab\u00a0Claques\u00a0\u00bb par mail: <a href=\"mailto:collimateur@hotmail.com\">collimateur@hotmail.com<\/a><\/p>\n","protected":false},"excerpt":{"rendered":"<p>Claque de la semaine par Fr\u00e9d\u00e9ric DUBOIS A l&rsquo;heure o\u00f9 nos poumons fermentent et que nous subissons plus que jamais les s\u00e9vices de la pollution automobile &#8211; immonde asphyxie urbaine, <a class=\"more-link\" href=\"https:\/\/carfree.fr\/index.php\/2005\/03\/18\/caca-la-bagnole\/\">Lire la suite&#8230;<\/a><\/p>\n","protected":false},"author":11,"featured_media":41284,"comment_status":"open","ping_status":"open","sticky":false,"template":"","format":"standard","meta":[],"categories":[73,1037],"tags":[1848,185,57,428,85,60,388,389,401,33,213],"views":4580,"_links":{"self":[{"href":"https:\/\/carfree.fr\/index.php\/wp-json\/wp\/v2\/posts\/733"}],"collection":[{"href":"https:\/\/carfree.fr\/index.php\/wp-json\/wp\/v2\/posts"}],"about":[{"href":"https:\/\/carfree.fr\/index.php\/wp-json\/wp\/v2\/types\/post"}],"author":[{"embeddable":true,"href":"https:\/\/carfree.fr\/index.php\/wp-json\/wp\/v2\/users\/11"}],"replies":[{"embeddable":true,"href":"https:\/\/carfree.fr\/index.php\/wp-json\/wp\/v2\/comments?post=733"}],"version-history":[{"count":0,"href":"https:\/\/carfree.fr\/index.php\/wp-json\/wp\/v2\/posts\/733\/revisions"}],"wp:featuredmedia":[{"embeddable":true,"href":"https:\/\/carfree.fr\/index.php\/wp-json\/wp\/v2\/media\/41284"}],"wp:attachment":[{"href":"https:\/\/carfree.fr\/index.php\/wp-json\/wp\/v2\/media?parent=733"}],"wp:term":[{"taxonomy":"category","embeddable":true,"href":"https:\/\/carfree.fr\/index.php\/wp-json\/wp\/v2\/categories?post=733"},{"taxonomy":"post_tag","embeddable":true,"href":"https:\/\/carfree.fr\/index.php\/wp-json\/wp\/v2\/tags?post=733"}],"curies":[{"name":"wp","href":"https:\/\/api.w.org\/{rel}","templated":true}]}}