{"id":741,"date":"2005-09-07T14:21:00","date_gmt":"2005-09-07T13:21:00","guid":{"rendered":"http:\/\/carfree.fr\/index.php\/2005\/09\/07\/pollution-atmospherique-et-cancers-chez-les-enfants\/"},"modified":"2023-11-13T16:49:13","modified_gmt":"2023-11-13T15:49:13","slug":"pollution-atmospherique-et-cancers-chez-les-enfants","status":"publish","type":"post","link":"https:\/\/carfree.fr\/index.php\/2005\/09\/07\/pollution-atmospherique-et-cancers-chez-les-enfants\/","title":{"rendered":"Pollution atmosph\u00e9rique et cancers chez les enfants"},"content":{"rendered":"<p>Une nouvelle \u00e9tude am\u00e9ricaine confirme les cons\u00e9quences d\u00e9sastreuses de la pollution atmosph\u00e9rique chez les plus jeunes enfants, expos\u00e9s in utero ou apr\u00e8s la naissance. Selon ce travail, ils seraient particuli\u00e8rement expos\u00e9s aux cancers infantiles. <!--more--><\/p>\n<p>Les auteurs se sont bas\u00e9s sur les adresses postales de 22 500 jeunes britanniques morts d&rsquo;un cancer entre 1955 et 1980. A partir de cartes g\u00e9ographiques, ils ont identifi\u00e9 les sources \u00e9ventuelles de pollution autour des domiciles. Par exemple un h\u00f4pital, une station de bus, un parking, une raffinerie ou toute entreprise susceptible d&rsquo;\u00e9mettre des polluants.<\/p>\n<p>Leur travail r\u00e9v\u00e8le une augmentation du risque de cancers chez les jeunes enfants habitant un rayon de 300 m\u00e8tres \u00e0 un kilom\u00e8tre autour d&rsquo;une source de pollution, tout particuli\u00e8rement li\u00e9e aux gaz d&rsquo;\u00e9chappements de moteurs. <span style=\"font-style: italic;\">\u00ab\u00a0Le butadiene et le monoxyde de carbone, tous deux rejet\u00e9s par les v\u00e9hicules diesel figurent parmi les principaux coupables. Davantage de contr\u00f4les doivent \u00eatre r\u00e9alis\u00e9s aupr\u00e8s des sources de pollution\u00a0\u00bb.<\/span><\/p>\n<p>La conclusion de l&rsquo;\u00e9tude est sans appel: <span style=\"font-style: italic;\">\u00ab\u00a0les cancers des enfants sont fortement d\u00e9termin\u00e9s par des expositions in utero ou post-natales aux gaz provenant de la combustion du p\u00e9trole, et tout particuli\u00e8rement aux gaz d&rsquo;\u00e9chappement des v\u00e9hicules motoris\u00e9s.\u00a0\u00bb<\/span><\/p>\n<p><span style=\"font-weight: bold;\">Source:<\/span> Oil combustion and childhood cancers, J. Epidemiol. Community Health, Sep 2005; 59: 755 &#8211; 760. <a href=\"http:\/\/jech.bmjjournals.com\/\" target=\"_blank\" rel=\"noopener\">http:\/\/jech.bmjjournals.com\/<\/a><\/p>\n","protected":false},"excerpt":{"rendered":"<p>Une nouvelle \u00e9tude am\u00e9ricaine confirme les cons\u00e9quences d\u00e9sastreuses de la pollution atmosph\u00e9rique chez les plus jeunes enfants, expos\u00e9s in utero ou apr\u00e8s la naissance. Selon ce travail, ils seraient particuli\u00e8rement <a class=\"more-link\" href=\"https:\/\/carfree.fr\/index.php\/2005\/09\/07\/pollution-atmospherique-et-cancers-chez-les-enfants\/\">Lire la suite&#8230;<\/a><\/p>\n","protected":false},"author":616,"featured_media":41650,"comment_status":"open","ping_status":"open","sticky":false,"template":"","format":"standard","meta":[],"categories":[52,1037],"tags":[1848,423,487,428,588,33,211,320,97],"views":4479,"_links":{"self":[{"href":"https:\/\/carfree.fr\/index.php\/wp-json\/wp\/v2\/posts\/741"}],"collection":[{"href":"https:\/\/carfree.fr\/index.php\/wp-json\/wp\/v2\/posts"}],"about":[{"href":"https:\/\/carfree.fr\/index.php\/wp-json\/wp\/v2\/types\/post"}],"author":[{"embeddable":true,"href":"https:\/\/carfree.fr\/index.php\/wp-json\/wp\/v2\/users\/616"}],"replies":[{"embeddable":true,"href":"https:\/\/carfree.fr\/index.php\/wp-json\/wp\/v2\/comments?post=741"}],"version-history":[{"count":0,"href":"https:\/\/carfree.fr\/index.php\/wp-json\/wp\/v2\/posts\/741\/revisions"}],"wp:featuredmedia":[{"embeddable":true,"href":"https:\/\/carfree.fr\/index.php\/wp-json\/wp\/v2\/media\/41650"}],"wp:attachment":[{"href":"https:\/\/carfree.fr\/index.php\/wp-json\/wp\/v2\/media?parent=741"}],"wp:term":[{"taxonomy":"category","embeddable":true,"href":"https:\/\/carfree.fr\/index.php\/wp-json\/wp\/v2\/categories?post=741"},{"taxonomy":"post_tag","embeddable":true,"href":"https:\/\/carfree.fr\/index.php\/wp-json\/wp\/v2\/tags?post=741"}],"curies":[{"name":"wp","href":"https:\/\/api.w.org\/{rel}","templated":true}]}}