{"id":7411,"date":"2010-03-16T15:05:17","date_gmt":"2010-03-16T14:05:17","guid":{"rendered":"http:\/\/carfree.fr\/?p=7411"},"modified":"2016-05-31T13:45:39","modified_gmt":"2016-05-31T12:45:39","slug":"reve-de-pieton-reve-de-cycliste","status":"publish","type":"post","link":"https:\/\/carfree.fr\/index.php\/2010\/03\/16\/reve-de-pieton-reve-de-cycliste\/","title":{"rendered":"R\u00eave de pi\u00e9ton, r\u00eave de cycliste"},"content":{"rendered":"<p><img decoding=\"async\" loading=\"lazy\" title=\"\u00e9piphanie p\u00e9troli\u00e8re\" src=\"http:\/\/carfree.fr\/images\/reve-de-pieton.jpg\" alt=\"\u00e9piphanie p\u00e9troli\u00e8re\" width=\"420\" height=\"200\" \/><br \/>\n<em>\u00e9piphanie p\u00e9troli\u00e8re<\/em><\/p>\n<p>C&rsquo;est beau un 4X4 mal gar\u00e9 en ville! Vous qui \u00eates cycliste, pi\u00e9ton, en fauteuil roulant, avec une poussette, vous qui admirez ces g\u00e9ants \u00e9chou\u00e9s sur les espaces publics de nos villes&#8230; Vous aussi envoyez nous vos plus belles photos!<\/p>\n<p><a title=\"http:\/\/revepietonvelo.blogspot.com\/\" href=\"http:\/\/revepietonvelo.blogspot.com\/\" target=\"_blank\">http:\/\/revepietonvelo.blogspot.com\/<\/a><\/p>\n","protected":false},"excerpt":{"rendered":"<p>\u00e9piphanie p\u00e9troli\u00e8re C&rsquo;est beau un 4X4 mal gar\u00e9 en ville! Vous qui \u00eates cycliste, pi\u00e9ton, en fauteuil roulant, avec une poussette, vous qui admirez ces g\u00e9ants \u00e9chou\u00e9s sur les espaces <a class=\"more-link\" href=\"https:\/\/carfree.fr\/index.php\/2010\/03\/16\/reve-de-pieton-reve-de-cycliste\/\">Lire la suite&#8230;<\/a><\/p>\n","protected":false},"author":3,"featured_media":7412,"comment_status":"open","ping_status":"open","sticky":false,"template":"","format":"standard","meta":[],"categories":[4,9,7],"tags":[268,183,65,44,704,101,215,1664,34],"views":5624,"_links":{"self":[{"href":"https:\/\/carfree.fr\/index.php\/wp-json\/wp\/v2\/posts\/7411"}],"collection":[{"href":"https:\/\/carfree.fr\/index.php\/wp-json\/wp\/v2\/posts"}],"about":[{"href":"https:\/\/carfree.fr\/index.php\/wp-json\/wp\/v2\/types\/post"}],"author":[{"embeddable":true,"href":"https:\/\/carfree.fr\/index.php\/wp-json\/wp\/v2\/users\/3"}],"replies":[{"embeddable":true,"href":"https:\/\/carfree.fr\/index.php\/wp-json\/wp\/v2\/comments?post=7411"}],"version-history":[{"count":0,"href":"https:\/\/carfree.fr\/index.php\/wp-json\/wp\/v2\/posts\/7411\/revisions"}],"wp:featuredmedia":[{"embeddable":true,"href":"https:\/\/carfree.fr\/index.php\/wp-json\/"}],"wp:attachment":[{"href":"https:\/\/carfree.fr\/index.php\/wp-json\/wp\/v2\/media?parent=7411"}],"wp:term":[{"taxonomy":"category","embeddable":true,"href":"https:\/\/carfree.fr\/index.php\/wp-json\/wp\/v2\/categories?post=7411"},{"taxonomy":"post_tag","embeddable":true,"href":"https:\/\/carfree.fr\/index.php\/wp-json\/wp\/v2\/tags?post=7411"}],"curies":[{"name":"wp","href":"https:\/\/api.w.org\/{rel}","templated":true}]}}