{"id":745,"date":"2005-11-09T14:53:24","date_gmt":"2005-11-09T13:53:24","guid":{"rendered":"http:\/\/carfree.fr\/index.php\/2005\/11\/09\/pour-une-application-ferme-et-immediate-de-la-circulaire-olin\/"},"modified":"2025-01-07T10:17:24","modified_gmt":"2025-01-07T09:17:24","slug":"pour-une-application-ferme-et-immediate-de-la-circulaire-olin","status":"publish","type":"post","link":"https:\/\/carfree.fr\/index.php\/2005\/11\/09\/pour-une-application-ferme-et-immediate-de-la-circulaire-olin\/","title":{"rendered":"Pour une application ferme et imm\u00e9diate de la Circulaire Olin"},"content":{"rendered":"<p>4&#215;4, quad et trial : Le 20 novembre prochain, promenons nous dans les bois&#8230; pendant que les pollueurs n&rsquo;y sont pas ! <!--more--><\/p>\n<p>En date du 06 septembre dernier, la Ministre de l&rsquo;Ecologie rappelait aux Pr\u00e9fets, \u00e0 l&rsquo;aide d&rsquo;une circulaire, la r\u00e9glementation encadrant strictement la circulation des v\u00e9hicules motoris\u00e9s dans les zones naturelles.<\/p>\n<p>La circulation des quads, 4&#215;4 et autres motos \u00ab vertes \u00bb est, sauf exception, interdite par la loi dans ces zones naturelles. S&rsquo;offusquant de ce rappel \u00e0 l&rsquo;ordre, les aficionados du tout terrain motoris\u00e9 r\u00e9clament le droit d&rsquo;imposer leur loisir polluant et bruyant aux autres usagers de la nature.<\/p>\n<p>Agir pour l&rsquo;Environnement r\u00e9clame une application ferme et imm\u00e9diate de cette circulaire afin de mettre un terme aux pollutions multiples (nuisances sonores, pollution atmosph\u00e9rique et renforcement de l&rsquo;effet de serre) engendr\u00e9es par ces loisirs exclusifs.<\/p>\n<p>Dans un communiqu\u00e9 pour le moins abscond, une myst\u00e9rieuse association pr\u00e9tendant d\u00e9fendre les loisirs verts, le Codever, appelle \u00e0 un rassemblement parisien le dimanche 20 novembre prochain pour protester contre la circulaire Olin. Percevant bien les dangers en terme d&rsquo;images \u00e0 manifester avec des engins polluants en plein coeur de Paris (manifestation dominicale autrement appel\u00e9e embouteillage le reste de la semaine&#8230;), cette manifestation de d\u00e9fense des 4&#215;4, quads et autres trials se d\u00e9roulerait, selon nos informations&#8230; \u00e0 pieds !<\/p>\n<p>Comble du ridicule, d\u00e9munis de leur jouet polluant, les d\u00e9fenseurs des loisirs motoris\u00e9s en zone naturelle subiront la pollution chronique engendr\u00e9e par leurs alter ego urbains, les milliers de conducteur de 4&#215;4.<\/p>\n<p>Dimanche 20 novembre prochain, Agir pour l&rsquo;Environnement appelle l&rsquo;ensemble de ses adh\u00e9rents \u00e0 profiter de cette manifestation inopportune pour b\u00e9n\u00e9ficier de la qui\u00e9tude retrouv\u00e9e des zones naturelles.<\/p>\n<p><span style=\"font-weight: bold;\">Source:<\/span> <a href=\"https:\/\/www.agirpourlenvironnement.org\/\" target=\"_blank\" rel=\"noopener\">www.agirpourlenvironnement.org<\/a><\/p>\n","protected":false},"excerpt":{"rendered":"<p>4&#215;4, quad et trial : Le 20 novembre prochain, promenons nous dans les bois&#8230; pendant que les pollueurs n&rsquo;y sont pas !<\/p>\n","protected":false},"author":167,"featured_media":46191,"comment_status":"open","ping_status":"open","sticky":false,"template":"","format":"standard","meta":[],"categories":[52],"tags":[1848,268,181,183,520,103,736,278,309,33],"views":4083,"_links":{"self":[{"href":"https:\/\/carfree.fr\/index.php\/wp-json\/wp\/v2\/posts\/745"}],"collection":[{"href":"https:\/\/carfree.fr\/index.php\/wp-json\/wp\/v2\/posts"}],"about":[{"href":"https:\/\/carfree.fr\/index.php\/wp-json\/wp\/v2\/types\/post"}],"author":[{"embeddable":true,"href":"https:\/\/carfree.fr\/index.php\/wp-json\/wp\/v2\/users\/167"}],"replies":[{"embeddable":true,"href":"https:\/\/carfree.fr\/index.php\/wp-json\/wp\/v2\/comments?post=745"}],"version-history":[{"count":0,"href":"https:\/\/carfree.fr\/index.php\/wp-json\/wp\/v2\/posts\/745\/revisions"}],"wp:featuredmedia":[{"embeddable":true,"href":"https:\/\/carfree.fr\/index.php\/wp-json\/wp\/v2\/media\/46191"}],"wp:attachment":[{"href":"https:\/\/carfree.fr\/index.php\/wp-json\/wp\/v2\/media?parent=745"}],"wp:term":[{"taxonomy":"category","embeddable":true,"href":"https:\/\/carfree.fr\/index.php\/wp-json\/wp\/v2\/categories?post=745"},{"taxonomy":"post_tag","embeddable":true,"href":"https:\/\/carfree.fr\/index.php\/wp-json\/wp\/v2\/tags?post=745"}],"curies":[{"name":"wp","href":"https:\/\/api.w.org\/{rel}","templated":true}]}}