{"id":746,"date":"2005-12-25T14:56:35","date_gmt":"2005-12-25T13:56:35","guid":{"rendered":"http:\/\/carfree.fr\/index.php\/2005\/12\/25\/loisirs-motorises-dans-les-espaces-naturels-ca-suffit\/"},"modified":"2024-06-11T11:56:07","modified_gmt":"2024-06-11T10:56:07","slug":"loisirs-motorises-dans-les-espaces-naturels-ca-suffit","status":"publish","type":"post","link":"https:\/\/carfree.fr\/index.php\/2005\/12\/25\/loisirs-motorises-dans-les-espaces-naturels-ca-suffit\/","title":{"rendered":"Loisirs motoris\u00e9s dans les espaces naturels : \u00e7a suffit !"},"content":{"rendered":"<p><span style=\"font-weight: bold\">Loisirs motoris\u00e9s dans les espaces naturels : \u00e7a suffit !<\/span><\/p>\n<p>La p\u00e9n\u00e9tration de nos espaces naturels par les pratiquants de loisirs motoris\u00e9s s&rsquo;intensifie d&rsquo;un bout \u00e0 l&rsquo;autre du territoire. Cette invasion et l&rsquo;incivisme dont elle proc\u00e8de suscitent l\u00e9gitimement un m\u00e9contentement grandissant, voire de dangereuses exasp\u00e9rations. <!--more--><\/p>\n<p>A telle enseigne que la Ministre de l&rsquo;\u00e9cologie et du d\u00e9veloppement durable, Nelly Olin, a jug\u00e9 n\u00e9cessaire de rappeler la loi et d&rsquo;appeler les Services de l&rsquo;\u00e9tat \u00e0 plus de vigilance.<\/p>\n<p>Il n&rsquo;en fallait pas davantage pour que le lobby des loisirs motoris\u00e9s \u00ab\u00a0pratiquants et marchands r\u00e9unis\u00a0\u00bb montent au cr\u00e9neau et se mettent en devoir d&rsquo;obtenir l&rsquo;abrogation de la circulaire Olin.<\/p>\n<p>Le moment est venu, pour notre \u00ab\u00a0majorit\u00e9 silencieuse\u00a0\u00bb, de faire entendre sa voix.<\/p>\n<p>Dans un temps record, la quasi-totalit\u00e9 des organisations oppos\u00e9es au d\u00e9veloppement des activit\u00e9s de loisirs motoris\u00e9s dans les espaces naturels viennent de se f\u00e9d\u00e9rer pour lancer une p\u00e9tition nationale destin\u00e9e \u00e0 une tr\u00e8s large diffusion : p\u00e9tition par laquelle nos organisations entendent t\u00e9moigner de leur soutien au Minist\u00e8re de l&rsquo;\u00e9cologie et du d\u00e9veloppement durable et affirment leur exigence partag\u00e9e d&rsquo;une plus stricte application de la loi du 3 janvier 1991.<\/p>\n<p><a href=\"http:\/\/carfree.fr\/\">CarFree France<\/a> appelle tous ses sympathisants \u00e0 se rendre sur http:\/\/petition.stmedd.free.fr\/ et \u00e0 signer et faire signer en nombre la p\u00e9tition propos\u00e9e.<\/p>\n<p>C&rsquo;est le moment ou jamais de dire \u00ab\u00a0\u00e7a suffit ! \u00ab\u00a0.<\/p>\n","protected":false},"excerpt":{"rendered":"<p>Loisirs motoris\u00e9s dans les espaces naturels : \u00e7a suffit ! La p\u00e9n\u00e9tration de nos espaces naturels par les pratiquants de loisirs motoris\u00e9s s&rsquo;intensifie d&rsquo;un bout \u00e0 l&rsquo;autre du territoire. Cette <a class=\"more-link\" href=\"https:\/\/carfree.fr\/index.php\/2005\/12\/25\/loisirs-motorises-dans-les-espaces-naturels-ca-suffit\/\">Lire la suite&#8230;<\/a><\/p>\n","protected":false},"author":11,"featured_media":46039,"comment_status":"open","ping_status":"open","sticky":false,"template":"","format":"standard","meta":[],"categories":[52],"tags":[1848,268,103,84,65,16,177,278],"views":3246,"_links":{"self":[{"href":"https:\/\/carfree.fr\/index.php\/wp-json\/wp\/v2\/posts\/746"}],"collection":[{"href":"https:\/\/carfree.fr\/index.php\/wp-json\/wp\/v2\/posts"}],"about":[{"href":"https:\/\/carfree.fr\/index.php\/wp-json\/wp\/v2\/types\/post"}],"author":[{"embeddable":true,"href":"https:\/\/carfree.fr\/index.php\/wp-json\/wp\/v2\/users\/11"}],"replies":[{"embeddable":true,"href":"https:\/\/carfree.fr\/index.php\/wp-json\/wp\/v2\/comments?post=746"}],"version-history":[{"count":0,"href":"https:\/\/carfree.fr\/index.php\/wp-json\/wp\/v2\/posts\/746\/revisions"}],"wp:featuredmedia":[{"embeddable":true,"href":"https:\/\/carfree.fr\/index.php\/wp-json\/wp\/v2\/media\/46039"}],"wp:attachment":[{"href":"https:\/\/carfree.fr\/index.php\/wp-json\/wp\/v2\/media?parent=746"}],"wp:term":[{"taxonomy":"category","embeddable":true,"href":"https:\/\/carfree.fr\/index.php\/wp-json\/wp\/v2\/categories?post=746"},{"taxonomy":"post_tag","embeddable":true,"href":"https:\/\/carfree.fr\/index.php\/wp-json\/wp\/v2\/tags?post=746"}],"curies":[{"name":"wp","href":"https:\/\/api.w.org\/{rel}","templated":true}]}}