{"id":754,"date":"2004-10-19T13:16:11","date_gmt":"2004-10-19T12:16:11","guid":{"rendered":"http:\/\/carfree.fr\/index.php\/2004\/10\/19\/la-civilisation-de-lautomobile\/"},"modified":"2023-11-13T13:32:42","modified_gmt":"2023-11-13T12:32:42","slug":"la-civilisation-de-lautomobile","status":"publish","type":"post","link":"https:\/\/carfree.fr\/index.php\/2004\/10\/19\/la-civilisation-de-lautomobile\/","title":{"rendered":"La civilisation de l&rsquo;automobile"},"content":{"rendered":"<p>\u00ab\u00a0L\u2019Am\u00e9ricain moyen consacre plus de mille six cents heures par an \u00e0 sa voiture. Il y est assis, qu\u2019elle soit en marche ou \u00e0 l\u2019arr\u00eat; il la gare ou cherche \u00e0 le faire; il travaille pour payer le premier versement comptant ou les traites mensuelles, l\u2019essence, les p\u00e9ages, l\u2019assurance, les imp\u00f4ts et les contraventions.\u00a0\u00bb <!--more--><\/p>\n<p>\u00ab\u00a0De ses seize heures de veille chaque jour, il en donne quatre \u00e0 sa voiture, qu\u2019il l\u2019utilise ou qu\u2019il gagne les moyens de le faire. Ce chiffre ne comprend m\u00eame pas le temps absorb\u00e9 par des activit\u00e9s secondaires impos\u00e9es par la circulation : le temps pass\u00e9 \u00e0 l\u2019h\u00f4pital, au tribunal ou au garage, le temps pass\u00e9 \u00e0 \u00e9tudier la publicit\u00e9 automobile ou \u00e0 recueillir des conseils pour acheter la prochaine fois une meilleure bagnole. Presque partout on constate que le co\u00fbt total des accidents de la route et celui des universit\u00e9s sont du m\u00eame ordre et qu\u2019ils croissent avec le produit social. Mais, plus r\u00e9v\u00e9latrice encore, est l\u2019exigence de temps qui s\u2019y ajoute. S\u2019il exerce une activit\u00e9 professionnelle, l\u2019Am\u00e9ricain moyen d\u00e9pense mille six cents heures chaque ann\u00e9e pour parcourir dix mille kilom\u00e8tres; cela repr\u00e9sente \u00e0 peine 6 kilom\u00e8tres \u00e0 l\u2019heure. Dans un pays d\u00e9pourvu d\u2019industrie de la circulation, les gens atteignent la m\u00eame vitesse, mais ils vont o\u00f9 ils veulent \u00e0 pied, en y consacrant non plus 28 %, mais seulement 3 \u00e0 8 % du budget-temps social.\u00a0\u00bb<\/p>\n<p><img decoding=\"async\" loading=\"lazy\" class=\"alignnone size-full wp-image-40547\" src=\"http:\/\/carfree.fr\/img\/2004\/10\/voiture-travail.jpg\" alt=\"\" width=\"310\" height=\"325\" \/><\/p>\n<p><span style=\"font-weight: bold;\">Ivan Illich &#8211; <\/span><span style=\"font-weight: bold;\"><a title=\"http:\/\/carfree.fr\/index.php\/2008\/02\/03\/energie-et-equite-1973\/\" href=\"http:\/\/carfree.fr\/index.php\/2008\/02\/03\/energie-et-equite-1973\/\">Energie et Equit\u00e9<\/a> &#8211; 1973<\/span><\/p>\n","protected":false},"excerpt":{"rendered":"<p>\u00ab\u00a0L\u2019Am\u00e9ricain moyen consacre plus de mille six cents heures par an \u00e0 sa voiture. Il y est assis, qu\u2019elle soit en marche ou \u00e0 l\u2019arr\u00eat; il la gare ou cherche <a class=\"more-link\" href=\"https:\/\/carfree.fr\/index.php\/2004\/10\/19\/la-civilisation-de-lautomobile\/\">Lire la suite&#8230;<\/a><\/p>\n","protected":false},"author":11,"featured_media":40647,"comment_status":"open","ping_status":"open","sticky":false,"template":"","format":"standard","meta":[],"categories":[73],"tags":[1847,110,129,67,144],"views":4468,"_links":{"self":[{"href":"https:\/\/carfree.fr\/index.php\/wp-json\/wp\/v2\/posts\/754"}],"collection":[{"href":"https:\/\/carfree.fr\/index.php\/wp-json\/wp\/v2\/posts"}],"about":[{"href":"https:\/\/carfree.fr\/index.php\/wp-json\/wp\/v2\/types\/post"}],"author":[{"embeddable":true,"href":"https:\/\/carfree.fr\/index.php\/wp-json\/wp\/v2\/users\/11"}],"replies":[{"embeddable":true,"href":"https:\/\/carfree.fr\/index.php\/wp-json\/wp\/v2\/comments?post=754"}],"version-history":[{"count":0,"href":"https:\/\/carfree.fr\/index.php\/wp-json\/wp\/v2\/posts\/754\/revisions"}],"wp:featuredmedia":[{"embeddable":true,"href":"https:\/\/carfree.fr\/index.php\/wp-json\/wp\/v2\/media\/40647"}],"wp:attachment":[{"href":"https:\/\/carfree.fr\/index.php\/wp-json\/wp\/v2\/media?parent=754"}],"wp:term":[{"taxonomy":"category","embeddable":true,"href":"https:\/\/carfree.fr\/index.php\/wp-json\/wp\/v2\/categories?post=754"},{"taxonomy":"post_tag","embeddable":true,"href":"https:\/\/carfree.fr\/index.php\/wp-json\/wp\/v2\/tags?post=754"}],"curies":[{"name":"wp","href":"https:\/\/api.w.org\/{rel}","templated":true}]}}