{"id":7559,"date":"2010-03-20T09:58:04","date_gmt":"2010-03-20T08:58:04","guid":{"rendered":"http:\/\/carfree.fr\/?p=7559"},"modified":"2022-05-11T12:43:43","modified_gmt":"2022-05-11T11:43:43","slug":"aujourdhui-je-transforme-mon-hummer-en-caleche","status":"publish","type":"post","link":"https:\/\/carfree.fr\/index.php\/2010\/03\/20\/aujourdhui-je-transforme-mon-hummer-en-caleche\/","title":{"rendered":"Aujourd&rsquo;hui, je transforme mon Hummer en cal\u00e8che!"},"content":{"rendered":"<p>On connaissait le \u00ab\u00a0<a title=\"http:\/\/carfree.fr\/index.php\/2005\/10\/02\/projet-de-hummer-vert\/\" href=\"http:\/\/carfree.fr\/index.php\/2005\/10\/02\/projet-de-hummer-vert\/\" target=\"_self\">Hummer vert<\/a>\u00ab\u00a0, transformation d&rsquo;un v\u00e9hicule \u00f4 combien polluant en v\u00e9lo collectif. Un  artiste new-yorkais, Jeremy Dean, a quant \u00e0 lui d\u00e9coup\u00e9 un Hummer H2 en deux pour fabriquer une cal\u00e8che! <!--more--><\/p>\n<p>Jeremy Dean est un artiste qui estime que \u00ab\u00a0l&rsquo;art contemporain est utile et significatif pour la soci\u00e9t\u00e9\u00a0\u00bb. Transformer un Hummer, la bagnole personnelle d&rsquo;Arnold Schwarzenegger, en cal\u00e8che nous parle de notre soci\u00e9t\u00e9 actuelle de sur-consommation et surtout d&rsquo;un futur post-p\u00e9trole pas si \u00e9loign\u00e9.<\/p>\n<p>Il a d&rsquo;ailleurs surnomm\u00e9 le r\u00e9sultat : \u00ab\u00a0Back to the futurama\u00a0\u00bb (litt\u00e9ralement \u00ab\u00a0Retour au futurama\u00a0\u00bb), un jeu de mot \u00e0 la fois sur cette \u00e8re de d\u00e9pression ambiante, durant laquelle on att\u00e8le des chevaux aux voitures parce que l&rsquo;essence est devenue trop ch\u00e8re, mais aussi sur l&rsquo;attraction Futurama, r\u00e9alis\u00e9e par General Motors, durant l&rsquo;exposition universelle de 1939 \u00e0 New-York, qui mettait en sc\u00e8ne le monde du futur.<\/p>\n<p>Apparemment, la <em>cal\u00e8chummer<\/em> semble fonctionner, tir\u00e9e par deux chevaux, elle a pu d\u00e9ambuler \u00e0 New-York aux abords de Central Park&#8230; L&rsquo;op\u00e9ration a co\u00fbt\u00e9 15.000 dollars \u00e0 son cr\u00e9ateur et on ne sait pas si les chevaux \u00e9taient fatigu\u00e9s au bout du compte!<\/p>\n","protected":false},"excerpt":{"rendered":"<p>On connaissait le \u00ab\u00a0Hummer vert\u00ab\u00a0, transformation d&rsquo;un v\u00e9hicule \u00f4 combien polluant en v\u00e9lo collectif. Un artiste new-yorkais, Jeremy Dean, a quant \u00e0 lui d\u00e9coup\u00e9 un Hummer H2 en deux pour <a class=\"more-link\" href=\"https:\/\/carfree.fr\/index.php\/2010\/03\/20\/aujourdhui-je-transforme-mon-hummer-en-caleche\/\">Lire la suite&#8230;<\/a><\/p>\n","protected":false},"author":3,"featured_media":38242,"comment_status":"open","ping_status":"open","sticky":false,"template":"","format":"standard","meta":[],"categories":[73],"tags":[185,188,162,294,99,466,199,61,532,45,172,19],"views":6839,"_links":{"self":[{"href":"https:\/\/carfree.fr\/index.php\/wp-json\/wp\/v2\/posts\/7559"}],"collection":[{"href":"https:\/\/carfree.fr\/index.php\/wp-json\/wp\/v2\/posts"}],"about":[{"href":"https:\/\/carfree.fr\/index.php\/wp-json\/wp\/v2\/types\/post"}],"author":[{"embeddable":true,"href":"https:\/\/carfree.fr\/index.php\/wp-json\/wp\/v2\/users\/3"}],"replies":[{"embeddable":true,"href":"https:\/\/carfree.fr\/index.php\/wp-json\/wp\/v2\/comments?post=7559"}],"version-history":[{"count":0,"href":"https:\/\/carfree.fr\/index.php\/wp-json\/wp\/v2\/posts\/7559\/revisions"}],"wp:featuredmedia":[{"embeddable":true,"href":"https:\/\/carfree.fr\/index.php\/wp-json\/wp\/v2\/media\/38242"}],"wp:attachment":[{"href":"https:\/\/carfree.fr\/index.php\/wp-json\/wp\/v2\/media?parent=7559"}],"wp:term":[{"taxonomy":"category","embeddable":true,"href":"https:\/\/carfree.fr\/index.php\/wp-json\/wp\/v2\/categories?post=7559"},{"taxonomy":"post_tag","embeddable":true,"href":"https:\/\/carfree.fr\/index.php\/wp-json\/wp\/v2\/tags?post=7559"}],"curies":[{"name":"wp","href":"https:\/\/api.w.org\/{rel}","templated":true}]}}