{"id":7640,"date":"2010-03-29T08:29:30","date_gmt":"2010-03-29T07:29:30","guid":{"rendered":"http:\/\/carfree.fr\/?p=7640"},"modified":"2016-05-31T13:33:49","modified_gmt":"2016-05-31T12:33:49","slug":"lecologie-cest-serieux-bordel","status":"publish","type":"post","link":"https:\/\/carfree.fr\/index.php\/2010\/03\/29\/lecologie-cest-serieux-bordel\/","title":{"rendered":"L&rsquo;\u00e9cologie, c&rsquo;est s\u00e9rieux, bordel !"},"content":{"rendered":"<p><img decoding=\"async\" loading=\"lazy\" title=\"borloo-lecologie-cest-serieux\" src=\"http:\/\/carfree.fr\/images\/borloo-lecologie-cest-serieux.jpg\" alt=\"borloo-lecologie-cest-serieux\" width=\"420\" height=\"200\" \/><\/p>\n<p>Suite aux derni\u00e8res p\u00e9rip\u00e9ties de l&rsquo;odieuse taxe carbone,  je me suis rendu au minist\u00e8re de l&rsquo;\u00e9cologie, en tant que pr\u00e9sident-directeur-g\u00e9n\u00e9ral de la PUTE (Pollueurs Unifi\u00e9s contre la Taxation Environnementale), pour remercier Jean-Louis Borloo pour l&rsquo;ensemble de son \u0153uvre, qui a bien voulu me recevoir \u00e0 l&rsquo;ap\u00e9ritif de 10 heures. <!--more--><\/p>\n<p>J&rsquo;ai trouv\u00e9 le camarade Jean-Louis en grande forme, sortant d&rsquo;une r\u00e9union de travail avec sa secr\u00e9taire, une bouteille de ros\u00e9 bio \u00e0 la main. Il m&rsquo;a tout d&rsquo;abord f\u00e9licit\u00e9 pour ma r\u00e9cente nomination \u00e0 la t\u00eate de la PUTE avant de m&rsquo;offrir g\u00e9n\u00e9reusement un petit ap\u00e9ritif \u00e0 base de vodka marseillaise et de pastis parisien.<\/p>\n<p>Jean-Lou m&rsquo;a avou\u00e9 son grand soulagement suite \u00e0 l&rsquo;abandon de cette \u00ab\u00a0putain de taxe carbone de merde\u00a0\u00bb qui l&rsquo;a retenu plusieurs soir\u00e9es cons\u00e9cutives \u00e0 l&rsquo;heure de l&rsquo;ap\u00e9ro. L\u00e0-dessus, il m&rsquo;avoue sa grande d\u00e9ception face \u00e0 l&rsquo;attitude \u00ab\u00a0irresponsable\u00a0\u00bb de <a title=\"http:\/\/carfree.fr\/index.php\/2010\/10\/15\/chantal-jouanno-sans-tabou\/\" href=\"http:\/\/carfree.fr\/index.php\/2010\/10\/15\/chantal-jouanno-sans-tabou\/\" target=\"_blank\">Chantal Jouanno<\/a> qui, en accusant le Medef de l&rsquo;\u00e9chec de la taxe carbone, a montr\u00e9 clairement son visage de \u00ab\u00a0chienne marxiste grenello-islamique\u00a0\u00bb.<\/p>\n<p>Apr\u00e8s un troisi\u00e8me vodkis (vodka-pastis) aval\u00e9 cul sec, Jean-Lou \u00e9voque l&rsquo;avenir de sa secr\u00e9taire d&rsquo;\u00e9tat, entre \u00ab\u00a0remaniement \u00e0 sec et par derri\u00e8re\u00a0\u00bb et \u00ab\u00a0parachutage dans une circonscription paum\u00e9e du Larzac\u00a0\u00bb. Il avoue \u00e0 demi-mot regretter son ancienne secr\u00e9taire d&rsquo;\u00e9tat, <a href=\"http:\/\/carfree.fr\/index.php\/2010\/11\/15\/nathalie-kosciusko-morizet-une-cloche-a-lecologie\/\">Nathalie Kosciusko-Morizet<\/a>, NKM pour les intimes, qui \u00e9tait certes \u00ab\u00a0tr\u00e8s chiante sur les OGM\u00a0\u00bb, mais qui avait un c\u00f4t\u00e9 \u00ab\u00a0petite bourgeoise coinc\u00e9e\u00a0\u00bb qui n&rsquo;\u00e9tait pas pour lui d\u00e9plaire.<\/p>\n<p>Pour remplacer Chantal \u00ab\u00a0Red\u00a0\u00bb Jouanno, Jean-Lou souhaite vivement l&rsquo;arriv\u00e9e de Rama Yade au secr\u00e9tariat d&rsquo;\u00e9tat \u00e0 l&rsquo;\u00e9cologie: \u00ab\u00a0elle n&rsquo;y conna\u00eet rien \u00e0 l&rsquo;\u00e9cologie, mais t&rsquo;as vu comment elle est bien foutue?\u00a0\u00bb<\/p>\n<p>Le temps passant, un sommelier minist\u00e9riel am\u00e8ne la carte des vins pour le repas, et nous nous lan\u00e7ons dans une conversation \u00e0 b\u00e2tons rompus sur les futurs projets de Jean-Lou. Il me pr\u00e9sente son grand projet pour la fin de la mandature: un bonus-malus carbone destin\u00e9 \u00e0 en finir avec \u00ab\u00a0l&rsquo;\u00e9cologie culpabilisatrice et cul-b\u00e9ni\u00a0\u00bb \u00e0 la <a title=\"http:\/\/carfree.fr\/index.php\/2010\/03\/17\/hulot-et-allegre-meme-combat\/\" href=\"http:\/\/carfree.fr\/index.php\/2010\/03\/17\/hulot-et-allegre-meme-combat\/\" target=\"_blank\">Hulot<\/a> ou autres \u00e9colo-trotskystes.<\/p>\n<p>J&rsquo;avoue qu&rsquo;\u00e0 ce stade de la conversation, les explications de Jean-Lou ne m&rsquo;ont pas paru d&rsquo;une limpidit\u00e9 \u00e9vidente, mais devant un petit verre de champagne bio destin\u00e9 \u00e0 inaugurer le d\u00e9but du repas, toute l&rsquo;intelligence et la clairvoyance de ce grand penseur de l&rsquo;\u00e9cologie politique qu&rsquo;est Jean-Louis Borloo m&rsquo;est apparue telle l&rsquo;illumination d&rsquo;une ampoule basse-consommation.<\/p>\n<p>Le projet de Jean-Lou n&rsquo;est rien de moins que de donner un bonus \u00e0 tous les industriels \u00ab\u00a0qui s&rsquo;engagent \u00e0 faire quelque chose un jour peut-\u00eatre\u00a0\u00bb pour lutter contre le r\u00e9chauffement climatique. Si on s&rsquo;engage un peu, on a un petit bonus, et si on s&rsquo;engage beaucoup, on a un gros bonus!<\/p>\n<p>Et pour financer le tout, Jean-Lou veut \u00e0 la fois mettre en place un malus \u00ab\u00a0transports en commun au diesel qui pollue\u00a0\u00bb et \u00ab\u00a0r\u00e9cup\u00e9rer l&rsquo;argent des sans-papiers expuls\u00e9s en avion charter polluant\u00a0\u00bb. Un v\u00e9ritable projet de compensation carbone, en quelque sorte.<\/p>\n<p>Quand je pense que certains, des gauchistes pour la plupart, doutent de la capacit\u00e9 de Jean-Lou \u00e0 sauver le climat! Ce m\u00eame Jean-Lou qui, lorsqu&rsquo;il avait pris ses fonctions de num\u00e9ro 2 du gouvernement national, avait invit\u00e9 TF1 \u00e0 venir avec lui en Airbus sur la banquise pour rassurer les ours et les phoques. Et depuis, on ne les entend plus, les ours et les phoques!<\/p>\n<p>Mais c&rsquo;est au digestif que Jean-Lou s&rsquo;est montr\u00e9 le plus brillant. Devant une petite poire, il m&rsquo;avoue sa d\u00e9ception face \u00e0 Europe Ecologie, un \u00ab\u00a0ramassis d&rsquo;incomp\u00e9tents gauchistes\u00a0\u00bb qui ne comprend rien \u00e0 l&rsquo;\u00e9cologie. L&rsquo;islamisme \u00e9cologiste \u00e0 la <a title=\"http:\/\/carfree.fr\/index.php\/2010\/08\/20\/cohn-bendit-lavocat-du-capitalisme-vert\/\" href=\"http:\/\/carfree.fr\/index.php\/2010\/08\/20\/cohn-bendit-lavocat-du-capitalisme-vert\/\" target=\"_blank\">Cohn-Bendit<\/a> le met dans une fureur noire, \u00e0 tel point qu&rsquo;il renverse son troisi\u00e8me calva sur sa chemise et fait tomber la bouteille de Gin sur le tapis 16\u00e8me si\u00e8cle du minist\u00e8re. Et de finir sur une v\u00e9ritable d\u00e9claration de foi: \u00ab\u00a0L&rsquo;\u00e9cologie, c&rsquo;est s\u00e9rieux, bordel!\u00a0\u00bb<\/p>\n","protected":false},"excerpt":{"rendered":"<p>Suite aux derni\u00e8res p\u00e9rip\u00e9ties de l&rsquo;odieuse taxe carbone, je me suis rendu au minist\u00e8re de l&rsquo;\u00e9cologie, en tant que pr\u00e9sident-directeur-g\u00e9n\u00e9ral de la PUTE (Pollueurs Unifi\u00e9s contre la Taxation Environnementale), pour <a class=\"more-link\" href=\"https:\/\/carfree.fr\/index.php\/2010\/03\/29\/lecologie-cest-serieux-bordel\/\">Lire la suite&#8230;<\/a><\/p>\n","protected":false},"author":18,"featured_media":7641,"comment_status":"open","ping_status":"open","sticky":false,"template":"","format":"standard","meta":[],"categories":[124],"tags":[416,360,722,247,57,188,11,193,84,692,308,1129,169,99,81,287,172,1669,681,216,131],"views":6410,"_links":{"self":[{"href":"https:\/\/carfree.fr\/index.php\/wp-json\/wp\/v2\/posts\/7640"}],"collection":[{"href":"https:\/\/carfree.fr\/index.php\/wp-json\/wp\/v2\/posts"}],"about":[{"href":"https:\/\/carfree.fr\/index.php\/wp-json\/wp\/v2\/types\/post"}],"author":[{"embeddable":true,"href":"https:\/\/carfree.fr\/index.php\/wp-json\/wp\/v2\/users\/18"}],"replies":[{"embeddable":true,"href":"https:\/\/carfree.fr\/index.php\/wp-json\/wp\/v2\/comments?post=7640"}],"version-history":[{"count":0,"href":"https:\/\/carfree.fr\/index.php\/wp-json\/wp\/v2\/posts\/7640\/revisions"}],"wp:featuredmedia":[{"embeddable":true,"href":"https:\/\/carfree.fr\/index.php\/wp-json\/"}],"wp:attachment":[{"href":"https:\/\/carfree.fr\/index.php\/wp-json\/wp\/v2\/media?parent=7640"}],"wp:term":[{"taxonomy":"category","embeddable":true,"href":"https:\/\/carfree.fr\/index.php\/wp-json\/wp\/v2\/categories?post=7640"},{"taxonomy":"post_tag","embeddable":true,"href":"https:\/\/carfree.fr\/index.php\/wp-json\/wp\/v2\/tags?post=7640"}],"curies":[{"name":"wp","href":"https:\/\/api.w.org\/{rel}","templated":true}]}}