{"id":766,"date":"2008-09-11T08:39:34","date_gmt":"2008-09-11T07:39:34","guid":{"rendered":"http:\/\/carfree.fr\/index.php\/2008\/09\/11\/rouler-nuit-a-votre-sante-et-a-celle-de-votre-entourage\/"},"modified":"2020-08-14T08:33:25","modified_gmt":"2020-08-14T07:33:25","slug":"rouler-nuit-a-votre-sante-et-a-celle-de-votre-entourage","status":"publish","type":"post","link":"https:\/\/carfree.fr\/index.php\/2008\/09\/11\/rouler-nuit-a-votre-sante-et-a-celle-de-votre-entourage\/","title":{"rendered":"Rouler nuit \u00e0 votre sant\u00e9 et \u00e0 celle de votre entourage"},"content":{"rendered":"<p>Si les nuisances de la voiture en termes de mobilit\u00e9 (congestion du r\u00e9seau et plus encore des noyaux urbains) et d\u2019environnement (\u00e9missions de CO2 contribuant aux changements climatiques) sont d\u00e9sormais largement connues, ses impacts n\u00e9gatifs sur la sant\u00e9 restent trop souvent ignor\u00e9s. La F\u00e9d\u00e9ration Inter-Environnement Wallonie a donc r\u00e9alis\u00e9 une brochure pour informer le public des cons\u00e9quences que l\u2019abus du recours \u00e0 l\u2019automobile peut avoir sur la sant\u00e9. <!--more--><\/p>\n<p class=\"spip\">D\u2019ann\u00e9e en ann\u00e9e, le trafic routier augmente. Tant le transport de marchandises que celui des personnes affichent une augmentation constante. Cette situation est non seulement inqui\u00e9tante pour l\u2019environnement \u2013 en raison notamment de son impact sur les changements climatiques \u2013 mais \u00e9galement pour le bien-\u00eatre global de notre soci\u00e9t\u00e9. A cet \u00e9gard, un parall\u00e8le existe entre l\u2019automobile et la cigarette\u00a0:<\/p>\n<p class=\"spip\"> comme la cigarette, l\u2019auto nuit \u00e0 la sant\u00e9, celle du conducteur et celle de son entourage\u00a0;<br \/>\n comme la cigarette, l\u2019auto co\u00fbte cher, \u00e0 son utilisateur et \u00e0 la S\u00e9curit\u00e9 sociale\u00a0;<br \/>\n comme pour la cigarette, il est difficile de se passer de l\u2019auto une fois que l\u2019on y est accro.<\/p>\n<p class=\"spip\">Nous vous proposons, \u00e0 travers cette brochure, de faire le point sur les impacts de l\u2019automobile sur la sant\u00e9. Des impacts \u00e9vidents et d\u2019autres plus pernicieux. Ainsi, m\u00eame s\u2019il est toujours utile de le rappeler, plus personne n\u2019ignore que l\u2019automobile \u00e9met une liste impressionnante de polluants toxiques ou qu\u2019elle blesse et tue lors des accidents de roulage. Par contre, on conna\u00eet moins son impact sur le stress, celui du conducteur englu\u00e9 dans le trafic mais aussi celui de la population baign\u00e9e dans un bruit de fond permanent. On oublie aussi souvent que l\u2019auto contribue au d\u00e9veloppement de l\u2019ob\u00e9sit\u00e9 en coupant ses utilisateurs assidus d\u2019un effort physique quotidien. Et on ignore carr\u00e9ment des \u00e9l\u00e9ments comme, par exemple, le fait que l\u2019habitacle d\u2019une auto est plus pollu\u00e9 que son environnement ext\u00e9rieur et ce, m\u00eame en plein trafic.<\/p>\n<p class=\"spip\">Il serait toutefois vain de soulever les probl\u00e8mes sans y proposer de solutions. Vous trouverez donc \u00e9galement ici diverses alternatives \u00e0 l\u2019automobile, des conseils permettant de remettre celle-ci \u00e0 sa juste place dans nos d\u00e9placements. Car s\u2019il est \u00e9vident que se d\u00e9placer fait partie int\u00e9grante de notre mode de vie et contribue \u00e0 sa qualit\u00e9, le \u00ab\u00a0tout \u00e0 l\u2019auto\u00a0\u00bb est \u00e0 la fois insoutenable pour la soci\u00e9t\u00e9, insupportable pour la plan\u00e8te et &#8230; dommageable pour la sant\u00e9\u00a0!<\/p>\n<p>Source: <a title=\"https:\/\/www.iew.be\" href=\"https:\/\/www.iew.be\" target=\"_blank\">www.iew.be<\/a><\/p>\n","protected":false},"excerpt":{"rendered":"<p>Si les nuisances de la voiture en termes de mobilit\u00e9 (congestion du r\u00e9seau et plus encore des noyaux urbains) et d\u2019environnement (\u00e9missions de CO2 contribuant aux changements climatiques) sont d\u00e9sormais largement connues, ses impacts n\u00e9gatifs sur la sant\u00e9 restent trop souvent ignor\u00e9s. La F\u00e9d\u00e9ration Inter-Environnement Wallonie a donc r\u00e9alis\u00e9 une brochure [&#8230;] <a class=\"more-link\" href=\"https:\/\/carfree.fr\/index.php\/2008\/09\/11\/rouler-nuit-a-votre-sante-et-a-celle-de-votre-entourage\/\">Lire la suite&#8230;<\/a><\/p>\n","protected":false},"author":173,"featured_media":28247,"comment_status":"open","ping_status":"open","sticky":false,"template":"","format":"standard","meta":[],"categories":[127,1037,72],"tags":[244,62,171,130,56,187,28,306,308,1665,134,309,522,33,320,176,220],"views":4152,"_links":{"self":[{"href":"https:\/\/carfree.fr\/index.php\/wp-json\/wp\/v2\/posts\/766"}],"collection":[{"href":"https:\/\/carfree.fr\/index.php\/wp-json\/wp\/v2\/posts"}],"about":[{"href":"https:\/\/carfree.fr\/index.php\/wp-json\/wp\/v2\/types\/post"}],"author":[{"embeddable":true,"href":"https:\/\/carfree.fr\/index.php\/wp-json\/wp\/v2\/users\/173"}],"replies":[{"embeddable":true,"href":"https:\/\/carfree.fr\/index.php\/wp-json\/wp\/v2\/comments?post=766"}],"version-history":[{"count":0,"href":"https:\/\/carfree.fr\/index.php\/wp-json\/wp\/v2\/posts\/766\/revisions"}],"wp:featuredmedia":[{"embeddable":true,"href":"https:\/\/carfree.fr\/index.php\/wp-json\/"}],"wp:attachment":[{"href":"https:\/\/carfree.fr\/index.php\/wp-json\/wp\/v2\/media?parent=766"}],"wp:term":[{"taxonomy":"category","embeddable":true,"href":"https:\/\/carfree.fr\/index.php\/wp-json\/wp\/v2\/categories?post=766"},{"taxonomy":"post_tag","embeddable":true,"href":"https:\/\/carfree.fr\/index.php\/wp-json\/wp\/v2\/tags?post=766"}],"curies":[{"name":"wp","href":"https:\/\/api.w.org\/{rel}","templated":true}]}}