{"id":7734,"date":"2010-04-09T14:42:35","date_gmt":"2010-04-09T13:42:35","guid":{"rendered":"http:\/\/carfree.fr\/?p=7734"},"modified":"2020-08-14T20:41:56","modified_gmt":"2020-08-14T19:41:56","slug":"renault-dacia-clot-la-semaine-du-developpement-durable-par-la-commercialisation-dun-nouveau-4x4-le-duster","status":"publish","type":"post","link":"https:\/\/carfree.fr\/index.php\/2010\/04\/09\/renault-dacia-clot-la-semaine-du-developpement-durable-par-la-commercialisation-dun-nouveau-4x4-le-duster\/","title":{"rendered":"Renault-Dacia cl\u00f4t la semaine du d\u00e9veloppement durable par la commercialisation d&rsquo;un nouveau 4&#215;4, le Duster !"},"content":{"rendered":"<p><img decoding=\"async\" loading=\"lazy\" title=\"duster\" src=\"http:\/\/carfree.fr\/images\/duster.jpg\" alt=\"duster\" width=\"420\" height=\"200\" \/><\/p>\n<p>Renault-Dacia doit d\u00e9buter, jeudi 08 avril, la commercialisation du Duster, son nouveau 4&#215;4 dit \u00ab low cost \u00bb. Agir pour l&rsquo;Environnement constate qu&rsquo;en mati\u00e8re de strat\u00e9gie industrielle, \u00ab tout change&#8230; rien ne change. Pour Renault-Dacia, les crises passent, la strat\u00e9gie climaticide reste. \u00bb La seule diff\u00e9rence, et elle est de taille, c&rsquo;est que la plupart des constructeurs automobiles ont cess\u00e9 de commercialiser ce type de v\u00e9hicules, lourds, \u00e9nergivores et climaticides. Pour l&rsquo;association Agir pour l&rsquo;Environnement, <em>\u00ab Renault-Dacia, c&rsquo;est un peu la cavalerie qui arrive apr\u00e8s la bataille, les chevaux en moins, la pollution en plus ! \u00bb <!--more--><br \/>\n<\/em><\/p>\n<p>Pour accueillir \u00e0 leur mani\u00e8re ce nouveau 4&#215;4, les Greenwashers, sp\u00e9cialistes en verdissement \u00e9cologique, ont mis en ligne une nouvelle page web sur\u00a0duster.fr. Apr\u00e8s www.koleos.tv et www.renault-ze.fr&#8230; le constructeur hexagonal a une fois encore omis de d\u00e9poser le nom de domaine associ\u00e9 \u00e0 ce nouveau 4&#215;4. Les Greenwashers en ont profit\u00e9 pour d\u00e9tourner le nom de domaine et y apporter un contenu volontairement ironique.<\/p>\n<p>Pour l&rsquo;association Agir pour l&rsquo;Environnement, \u00ab<em> avec la commercialisation du nouveau 4&#215;4 de Renault-Dacia, la pseudo semaine du d\u00e9veloppement durable trouve son point d\u2019orgue. La contribution de Renault-Dacia au d\u00e9veloppement durable sera reconnue par tous les sp\u00e9cialistes en croissance verte et blanchiment \u00e9cologique ! <\/em>\u00bb La commercialisation d&rsquo;un nouveau 4&#215;4 tout en communiquant sur l&rsquo;int\u00e9r\u00eat suppos\u00e9 de la voiture \u00e9lectrique dite abusivement \u00ab Z\u00e9ro \u00e9mission \u00bb est la d\u00e9finition m\u00eame du blanchiment \u00e9cologique, strat\u00e9gie o\u00f9 la communication prime sur la r\u00e9alit\u00e9 industrielle et commerciale.<\/p>\n<p>Les centaines de millions d&rsquo;euros que l&rsquo;Etat fran\u00e7ais a englouties dans la sauvegarde du secteur automobile n&rsquo;ont produit aucun effet perceptible en mati\u00e8re climatique, \u00e9nerg\u00e9tique et environnemental. Deux ans apr\u00e8s le d\u00e9but de la crise du secteur automobile, l&rsquo;association regrette que l&rsquo;Etat n&rsquo;ait pas conditionn\u00e9 le versement d&rsquo;aides substantielles \u00e0 l&rsquo;obtention de r\u00e9sultats \u00e9cologiques.<\/p>\n","protected":false},"excerpt":{"rendered":"<p>Renault-Dacia doit d\u00e9buter, jeudi 08 avril, la commercialisation du Duster, son nouveau 4&#215;4 dit \u00ab low cost \u00bb. Agir pour l&rsquo;Environnement constate qu&rsquo;en mati\u00e8re de strat\u00e9gie industrielle, \u00ab tout change&#8230; <a class=\"more-link\" href=\"https:\/\/carfree.fr\/index.php\/2010\/04\/09\/renault-dacia-clot-la-semaine-du-developpement-durable-par-la-commercialisation-dun-nouveau-4x4-le-duster\/\">Lire la suite&#8230;<\/a><\/p>\n","protected":false},"author":167,"featured_media":7735,"comment_status":"open","ping_status":"open","sticky":false,"template":"","format":"standard","meta":[],"categories":[52,73],"tags":[],"views":4911,"_links":{"self":[{"href":"https:\/\/carfree.fr\/index.php\/wp-json\/wp\/v2\/posts\/7734"}],"collection":[{"href":"https:\/\/carfree.fr\/index.php\/wp-json\/wp\/v2\/posts"}],"about":[{"href":"https:\/\/carfree.fr\/index.php\/wp-json\/wp\/v2\/types\/post"}],"author":[{"embeddable":true,"href":"https:\/\/carfree.fr\/index.php\/wp-json\/wp\/v2\/users\/167"}],"replies":[{"embeddable":true,"href":"https:\/\/carfree.fr\/index.php\/wp-json\/wp\/v2\/comments?post=7734"}],"version-history":[{"count":0,"href":"https:\/\/carfree.fr\/index.php\/wp-json\/wp\/v2\/posts\/7734\/revisions"}],"wp:featuredmedia":[{"embeddable":true,"href":"https:\/\/carfree.fr\/index.php\/wp-json\/"}],"wp:attachment":[{"href":"https:\/\/carfree.fr\/index.php\/wp-json\/wp\/v2\/media?parent=7734"}],"wp:term":[{"taxonomy":"category","embeddable":true,"href":"https:\/\/carfree.fr\/index.php\/wp-json\/wp\/v2\/categories?post=7734"},{"taxonomy":"post_tag","embeddable":true,"href":"https:\/\/carfree.fr\/index.php\/wp-json\/wp\/v2\/tags?post=7734"}],"curies":[{"name":"wp","href":"https:\/\/api.w.org\/{rel}","templated":true}]}}