{"id":7739,"date":"2010-04-10T21:30:45","date_gmt":"2010-04-10T20:30:45","guid":{"rendered":"http:\/\/carfree.fr\/?p=7739"},"modified":"2021-01-07T17:48:32","modified_gmt":"2021-01-07T16:48:32","slug":"monsieur-ghosn-reconnait-enfin-que-son-industrie-fait-fausse-route-depuis-plus-dun-siecle","status":"publish","type":"post","link":"https:\/\/carfree.fr\/index.php\/2010\/04\/10\/monsieur-ghosn-reconnait-enfin-que-son-industrie-fait-fausse-route-depuis-plus-dun-siecle\/","title":{"rendered":"Monsieur Ghosn reconna\u00eet enfin que son industrie fait fausse route depuis plus d&rsquo;un si\u00e8cle"},"content":{"rendered":"<p>En effet, le PDG de Renault, s&rsquo;appr\u00eate \u00e0 donner une conf\u00e9rence  aujourd&rsquo;hui, 10\/04\/2010, \u00e0 la Sorbonne dont l&rsquo;intitul\u00e9 est : <em>Industrie  automobile : se r\u00e9inventer pour durer<\/em>. Cette conf\u00e9rence s&rsquo;inscrit  dans le colloque la Cit\u00e9  de la R\u00e9ussite qui se tient les 10 et 11 avril 2010 \u00e0 la Sorbonne. <!--more--><\/p>\n<p>C&rsquo;est bien que Monsieur Ghosn en personne ait conscience que le  commerce automobile n&rsquo;a pas d&rsquo;avenir en l&rsquo;\u00e9tat: depuis plus d&rsquo;un si\u00e8cle,  le niveau de conscience sociale n&rsquo;a cess\u00e9 de s&rsquo;\u00e9lever et il est grand  temps que le principal industriel du secteur automobile comprenne que le  vent tourne et que la nouvelle sensibilit\u00e9 \u00e9cologique ne peut plus se  satisfaire des arguments commerciaux de performance, de violence, de  stress, de puissance et d&rsquo;intimidation servis par la publicit\u00e9  automobile.<\/p>\n<p>L&rsquo;heure est \u00e0 la sobri\u00e9t\u00e9, \u00e0 la douceur et \u00e0 la discr\u00e9tion. Alors  Monsieur Ghosn, \u00e0 quand des voitures l\u00e9g\u00e8res? lentes? silencieuses?  sobres? frugales? discr\u00e8tes? furtives? molles et intelligentes? Par  \u00ab\u00a0intelligentes\u00a0\u00bb, j&rsquo;entends des voitures capables de vous guider jusqu&rsquo;\u00e0  la place de stationnement libre la plus proche de votre destination,  capables de dissuader l&rsquo;autosolisme, le stationnement sauvage, le  transit en ville ou les itin\u00e9raires superposables aux transports en  commun.<\/p>\n<h2>Reconnaissons \u00e0 la marque Renault sa volont\u00e9 de prendre l&rsquo;initiative  de la n\u00e9cessaire mutation d&rsquo;un secteur \u00e9conomique dans l&rsquo;impasse.<\/h2>\n<p>GC,<br \/>\nLes voies vertes en 06-ouest:<br \/>\n<a href=\"http:\/\/gilles.chomel.free.fr\/\" target=\"_blank\">www.LecoLomobiLe.fr<\/a><br \/>\nLabo d&rsquo;id\u00e9es sur l&rsquo;auto du futur:<br \/>\n<a href=\"http:\/\/www.lacpa.fr\/\" target=\"_blank\">www.LACPA.fr<\/a><\/p>\n","protected":false},"excerpt":{"rendered":"<p>En effet, le PDG de Renault, s&rsquo;appr\u00eate \u00e0 donner une conf\u00e9rence aujourd&rsquo;hui, 10\/04\/2010, \u00e0 la Sorbonne dont l&rsquo;intitul\u00e9 est : Industrie automobile : se r\u00e9inventer pour durer. Cette conf\u00e9rence s&rsquo;inscrit <a class=\"more-link\" href=\"https:\/\/carfree.fr\/index.php\/2010\/04\/10\/monsieur-ghosn-reconnait-enfin-que-son-industrie-fait-fausse-route-depuis-plus-dun-siecle\/\">Lire la suite&#8230;<\/a><\/p>\n","protected":false},"author":27,"featured_media":38997,"comment_status":"open","ping_status":"open","sticky":false,"template":"","format":"standard","meta":[],"categories":[73],"tags":[511,416,370,292,96,604,99,585,81,86,235,215,651],"views":4880,"_links":{"self":[{"href":"https:\/\/carfree.fr\/index.php\/wp-json\/wp\/v2\/posts\/7739"}],"collection":[{"href":"https:\/\/carfree.fr\/index.php\/wp-json\/wp\/v2\/posts"}],"about":[{"href":"https:\/\/carfree.fr\/index.php\/wp-json\/wp\/v2\/types\/post"}],"author":[{"embeddable":true,"href":"https:\/\/carfree.fr\/index.php\/wp-json\/wp\/v2\/users\/27"}],"replies":[{"embeddable":true,"href":"https:\/\/carfree.fr\/index.php\/wp-json\/wp\/v2\/comments?post=7739"}],"version-history":[{"count":0,"href":"https:\/\/carfree.fr\/index.php\/wp-json\/wp\/v2\/posts\/7739\/revisions"}],"wp:featuredmedia":[{"embeddable":true,"href":"https:\/\/carfree.fr\/index.php\/wp-json\/wp\/v2\/media\/38997"}],"wp:attachment":[{"href":"https:\/\/carfree.fr\/index.php\/wp-json\/wp\/v2\/media?parent=7739"}],"wp:term":[{"taxonomy":"category","embeddable":true,"href":"https:\/\/carfree.fr\/index.php\/wp-json\/wp\/v2\/categories?post=7739"},{"taxonomy":"post_tag","embeddable":true,"href":"https:\/\/carfree.fr\/index.php\/wp-json\/wp\/v2\/tags?post=7739"}],"curies":[{"name":"wp","href":"https:\/\/api.w.org\/{rel}","templated":true}]}}