{"id":7745,"date":"2010-04-14T08:55:31","date_gmt":"2010-04-14T07:55:31","guid":{"rendered":"http:\/\/carfree.fr\/?p=7745"},"modified":"2020-08-16T19:35:41","modified_gmt":"2020-08-16T18:35:41","slug":"franciliens-signez-la-petition-respire-le-periph","status":"publish","type":"post","link":"https:\/\/carfree.fr\/index.php\/2010\/04\/14\/franciliens-signez-la-petition-respire-le-periph\/","title":{"rendered":"Franciliens, signez la p\u00e9tition Respire le p\u00e9riph&rsquo; !"},"content":{"rendered":"<p>Le Maire de Paris offre la possibilit\u00e9 aux Parisien-ne-s d&rsquo;interpeller le Conseil de Paris, par le biais de p\u00e9titions \u00e9lectroniques ou manuscrites, sur tout sujet relevant de la comp\u00e9tence\u00a0municipale ou d\u00e9partementale. <!--more--><\/p>\n<p>Ce droit d&rsquo;interpellation implique de recueillir l&rsquo;adh\u00e9sion d&rsquo;au moins 3% des Parisien-ne-s majeur-e-s,\u00a0soit <strong>54 000 personne<\/strong>s. Est consid\u00e9r\u00e9e comme Parisien-ne- majeur-e- toute personne domicili\u00e9e \u00e0 Paris, de 18 ans et plus, quelle que soit sa nationalit\u00e9. Respire le p\u00e9riph&rsquo; ! s&rsquo;est inscrit dans cette d\u00e9marche et vous invite d\u00e9sormais \u00e0 signer la p\u00e9tition.<\/p>\n<p>Merci pour votre soutien et n&rsquo;oubliez pas de diffuser l&rsquo;information aupr\u00e8s de vos parents, amis, coll\u00e8gue, sur votre Blog, sur les forum&#8230;. Objectif : mobiliser un maximum de monde pour que les \u00e9lus prennent enfin les d\u00e9cisions qui permettront de diminuer la pollution.<\/p>\n","protected":false},"excerpt":{"rendered":"<p>Le Maire de Paris offre la possibilit\u00e9 aux Parisien-ne-s d&rsquo;interpeller le Conseil de Paris, par le biais de p\u00e9titions \u00e9lectroniques ou manuscrites, sur tout sujet relevant de la comp\u00e9tence\u00a0municipale ou <a class=\"more-link\" href=\"https:\/\/carfree.fr\/index.php\/2010\/04\/14\/franciliens-signez-la-petition-respire-le-periph\/\">Lire la suite&#8230;<\/a><\/p>\n","protected":false},"author":193,"featured_media":37843,"comment_status":"open","ping_status":"open","sticky":false,"template":"","format":"standard","meta":[],"categories":[52,73,77],"tags":[130,106,123,1668,33,320,34],"views":5401,"_links":{"self":[{"href":"https:\/\/carfree.fr\/index.php\/wp-json\/wp\/v2\/posts\/7745"}],"collection":[{"href":"https:\/\/carfree.fr\/index.php\/wp-json\/wp\/v2\/posts"}],"about":[{"href":"https:\/\/carfree.fr\/index.php\/wp-json\/wp\/v2\/types\/post"}],"author":[{"embeddable":true,"href":"https:\/\/carfree.fr\/index.php\/wp-json\/wp\/v2\/users\/193"}],"replies":[{"embeddable":true,"href":"https:\/\/carfree.fr\/index.php\/wp-json\/wp\/v2\/comments?post=7745"}],"version-history":[{"count":0,"href":"https:\/\/carfree.fr\/index.php\/wp-json\/wp\/v2\/posts\/7745\/revisions"}],"wp:featuredmedia":[{"embeddable":true,"href":"https:\/\/carfree.fr\/index.php\/wp-json\/wp\/v2\/media\/37843"}],"wp:attachment":[{"href":"https:\/\/carfree.fr\/index.php\/wp-json\/wp\/v2\/media?parent=7745"}],"wp:term":[{"taxonomy":"category","embeddable":true,"href":"https:\/\/carfree.fr\/index.php\/wp-json\/wp\/v2\/categories?post=7745"},{"taxonomy":"post_tag","embeddable":true,"href":"https:\/\/carfree.fr\/index.php\/wp-json\/wp\/v2\/tags?post=7745"}],"curies":[{"name":"wp","href":"https:\/\/api.w.org\/{rel}","templated":true}]}}