{"id":7918,"date":"2010-05-02T18:41:57","date_gmt":"2010-05-02T17:41:57","guid":{"rendered":"http:\/\/carfree.fr\/?p=7918"},"modified":"2021-01-07T16:29:51","modified_gmt":"2021-01-07T15:29:51","slug":"guidon-dor-et-clou-rouille-2010","status":"publish","type":"post","link":"https:\/\/carfree.fr\/index.php\/2010\/05\/02\/guidon-dor-et-clou-rouille-2010\/","title":{"rendered":"Guidon d&rsquo;Or et Clou Rouill\u00e9 2010"},"content":{"rendered":"<p>La F\u00e9d\u00e9ration fran\u00e7aise des Usagers de la Bicyclette a tenu son assembl\u00e9e g\u00e9n\u00e9rale annuelle le 24 avril dernier \u00e0 Strasbourg. Lors de cet \u00e9v\u00e9nement, elle a d\u00e9cern\u00e9 le Guidon d\u2019Or 2010 aux villes de Clamart et de Sceaux pour saluer leur politique cyclable remarquable, et le Clou rouill\u00e9 2010 au Conseil G\u00e9n\u00e9ral de Seine-et-Marne pour montrer du doigt une insuffisance dans ce domaine. <!--more--><\/p>\n<p>La FUBicy a d\u00e9cern\u00e9 le Guidon d\u2019Or 2010 aux villes de Clamart et Sceaux (Hauts-de-Seine). Elles ont g\u00e9n\u00e9ralis\u00e9 les doubles sens cyclables (DSC) \u00e0 l\u2019ensemble de leur voirie communale dans des d\u00e9lais tr\u00e8s courts. D\u00e9sormais, les cyclistes peuvent donc \u00ab remonter \u00bb les rues \u00e0 sens unique sur tout leur territoire. La FUBicy salue ainsi la volont\u00e9 politique de ces deux municipalit\u00e9s, qui avaient d\u00e9j\u00e0 am\u00e9nag\u00e9 la totalit\u00e9 de leur voirie communale en zone 30. Les DSC sont l\u2019une des cl\u00e9s d\u2019un bon partage de l\u2019espace public et de la mod\u00e9ration des vitesses en ville.<\/p>\n<p>La FUBicy a \u00e9galement d\u00e9cern\u00e9 son Clou Rouill\u00e9 2010 au Conseil G\u00e9n\u00e9ral de Seine-et-Marne qui persiste \u00e0 r\u00e9aliser ou financer des am\u00e9nagements de voirie urbaine ne prenant pas en compte les cyclistes, ce qui est en contradiction avec la loi.<\/p>\n<p>La Loi sur l\u2019Air de d\u00e9cembre 1996 impose en effet que toute r\u00e9novation de voie urbaine comprenne un am\u00e9nagement cyclable.<\/p>\n<p>Source: <a title=\"http:\/\/www.fubicy.org\/\" href=\"https:\/\/www.fub.fr\/\" target=\"_blank\" rel=\"noopener\">http:\/\/www.fubicy.org\/<\/a><\/p>\n","protected":false},"excerpt":{"rendered":"<p>La F\u00e9d\u00e9ration fran\u00e7aise des Usagers de la Bicyclette a tenu son assembl\u00e9e g\u00e9n\u00e9rale annuelle le 24 avril dernier \u00e0 Strasbourg. Lors de cet \u00e9v\u00e9nement, elle a d\u00e9cern\u00e9 le Guidon d\u2019Or <a class=\"more-link\" href=\"https:\/\/carfree.fr\/index.php\/2010\/05\/02\/guidon-dor-et-clou-rouille-2010\/\">Lire la suite&#8230;<\/a><\/p>\n","protected":false},"author":290,"featured_media":37572,"comment_status":"open","ping_status":"open","sticky":false,"template":"","format":"standard","meta":[],"categories":[4,7],"tags":[146,750,646,352,287,749,133,38,1664,34,144],"views":6040,"_links":{"self":[{"href":"https:\/\/carfree.fr\/index.php\/wp-json\/wp\/v2\/posts\/7918"}],"collection":[{"href":"https:\/\/carfree.fr\/index.php\/wp-json\/wp\/v2\/posts"}],"about":[{"href":"https:\/\/carfree.fr\/index.php\/wp-json\/wp\/v2\/types\/post"}],"author":[{"embeddable":true,"href":"https:\/\/carfree.fr\/index.php\/wp-json\/wp\/v2\/users\/290"}],"replies":[{"embeddable":true,"href":"https:\/\/carfree.fr\/index.php\/wp-json\/wp\/v2\/comments?post=7918"}],"version-history":[{"count":0,"href":"https:\/\/carfree.fr\/index.php\/wp-json\/wp\/v2\/posts\/7918\/revisions"}],"wp:featuredmedia":[{"embeddable":true,"href":"https:\/\/carfree.fr\/index.php\/wp-json\/wp\/v2\/media\/37572"}],"wp:attachment":[{"href":"https:\/\/carfree.fr\/index.php\/wp-json\/wp\/v2\/media?parent=7918"}],"wp:term":[{"taxonomy":"category","embeddable":true,"href":"https:\/\/carfree.fr\/index.php\/wp-json\/wp\/v2\/categories?post=7918"},{"taxonomy":"post_tag","embeddable":true,"href":"https:\/\/carfree.fr\/index.php\/wp-json\/wp\/v2\/tags?post=7918"}],"curies":[{"name":"wp","href":"https:\/\/api.w.org\/{rel}","templated":true}]}}