{"id":794,"date":"2005-04-05T15:34:37","date_gmt":"2005-04-05T14:34:37","guid":{"rendered":"http:\/\/carfree.fr\/index.php\/2005\/04\/05\/la-caravane-du-reseau-vert\/"},"modified":"2023-11-13T16:37:39","modified_gmt":"2023-11-13T15:37:39","slug":"la-caravane-du-reseau-vert","status":"publish","type":"post","link":"https:\/\/carfree.fr\/index.php\/2005\/04\/05\/la-caravane-du-reseau-vert\/","title":{"rendered":"La caravane du R\u00e9seau Vert"},"content":{"rendered":"<p>Le plan du R\u00e9seau Vert parisien a \u00e9t\u00e9 r\u00e9alis\u00e9 par des habitants de chaque arrondissement de Paris. Maillant sans rupture le territoire, il permet au marcheur et au cycliste de franchir ais\u00e9ment des distances significatives dans toutes les directions. <!--more--><\/p>\n<p>Les 9 et 10 avril 2005, \u00e0 l&rsquo;appel du R\u00e9seau Vert et avec de nombreuses associations (Les Amis de la Terre, Mieux se d\u00e9placer \u00e0 Bicyclette, V\u00e9lorution, plan\u00e8te Roller, Association des usagers des transports&#8230;), une grande caravane traversera Paris du Nord au Sud afin de d\u00e9fendre et promouvoir l&rsquo;id\u00e9e d&rsquo;un v\u00e9ritable R\u00e9seau Vert \u00e0 Paris. <\/p>\n<p><span style=\"font-weight: bold\">Des rues r\u00e9serv\u00e9es aux pi\u00e9tons, aux cyclistes, aux rollers<\/span><\/p>\n<p>Leur cohabitation est pr\u00e9vue et organis\u00e9e au-del\u00e0 d&rsquo;une certaine densit\u00e9. La circulation motoris\u00e9e et le stationnement sont interdits : les trottoirs, potelets et barri\u00e8res sont donc vou\u00e9s \u00e0 dispara\u00eetre (seuls les voitures de service et de s\u00e9curit\u00e9, les livraisons, les riverains disposant d&rsquo;un parking y ont acc\u00e8s).<\/p>\n<p>Pour \u00e9tablir ce plan, les habitants ont essay\u00e9 de choisir des rues en privil\u00e9giant les dessertes des \u00e9tablissements scolaires (cr\u00e8ches, maternelles, \u00e9coles primaires, coll\u00e8ges, lyc\u00e9es&#8230;), march\u00e9s, entr\u00e9es de m\u00e9tro, \u00e9quipements de loisirs (piscines, lieux culturels, squares, etc.). Certains arrondissements ont plus affin\u00e9 leurs plans que d&rsquo;autres (les concepteurs ont r\u00e9alis\u00e9 ce projet b\u00e9n\u00e9volement, en plus de leurs heures de travail). Certains autres demandent plus de rues R\u00e9seau Vert: le 11e par exemple, qui non seulement n&rsquo;a aucune rue pi\u00e9tonne, mais manque aussi de jardins de proximit\u00e9. On remarquera \u00e9galement sur la carte que la demande est plus importante \u00e0 l&rsquo;est de Paris qu&rsquo;\u00e0 l&rsquo;Ouest: les arrondissements de l&rsquo;Ouest ont plus de grandes art\u00e8res ou d&rsquo;espaces<\/p>\n<p><span style=\"font-weight: bold\">Actions les 9 et 10 avril 2005<\/span><\/p>\n<p>Deux jours pour informer, convaincre, s\u00e9duire les riverains. Deux jours pour rappeler la Mairie de Paris \u00e0 ses promesses. Cette caravane d&rsquo;information et festive parcourrera l&rsquo;itin\u00e9raire nord-sud de la Villette \u00e0 la Coul\u00e9e Verte TGV-Atlantique.<\/p>\n<p><span style=\"font-weight: bold\">Prologue<\/span><br \/>\nSamedi 2 avril 14h place du Ch\u00e2telet<br \/>\nManif \u00e0 v\u00e9lo organis\u00e9e par <a href=\"http:\/\/velorution.org\/\" target=\"_blank\" rel=\"noopener\">V\u00e9lorution<\/a> en soutien au <a href=\"http:\/\/reseau.vert.free.fr\/\" target=\"_blank\" rel=\"noopener\">R\u00e9seau Vert<\/a><\/p>\n<p><span style=\"font-weight: bold\">Samedi 9 Avril<\/span><br \/>\n&#8211; 15h30 : Place de Catalogne, d\u00e9part de la Caravane<br \/>\n&#8211; 16h30-17h30 : Place St Germain des Pr\u00e9s, stands d&rsquo;information<br \/>\n&#8211; 18h30-20h30 : Place de l&rsquo;H\u00f4tel de Ville, stands d&rsquo;information<br \/>\n&#8211; 18h30-20h30 : Coin rue du Temple- rue de la Verrerie Street Party Concert de S\u00e9bastien Ducret et musiciens &#8211; chanson folk-rock<br \/>\n<span style=\"font-weight: bold\"><br \/>\nDimanche 10 Avril<\/span><br \/>\n&#8211; 10h30 : H\u00f4tel de Ville, d\u00e9part de la Caravane<br \/>\n&#8211; 12h : Quai de Valmy (devant le Square Villemin) Pique-nique partag\u00e9 (chacun apporte un plat et partage avec les autres), concert avec le groupe BALBAZAR Bigband de l&rsquo;association Pav\u00e9 Jazz, stands d&rsquo;information<br \/>\n&#8211; 14h : autour du Canal Saint-Martin, rallye p\u00e9destre sur le th\u00e8me de l&rsquo;\u00e9cologie<br \/>\nInscriptions \u00e0 13h30 devant le Square Villemin (Amis de la Terre de Paris)<br \/>\n&#8211; 16h : Bassin de la Villette, r\u00e9sultats du rallye, stands d&rsquo;information, concert d&rsquo;Antoine Sicot<br \/>\n&#8211; 17h : D\u00e9part balade \u00e0 v\u00e9lo le long du canal de l&rsquo;Ourcq<\/p>\n<p>Venez nombreux pour d\u00e9fendre le R\u00e9seau Vert, pour la qualit\u00e9 de vie \u00e0 Paris, pour pouvoir marcher, faire du v\u00e9lo et du roller en toute s\u00e9curit\u00e9, pour lutter contre l&rsquo;omnipr\u00e9sence de l&rsquo;automobile dans la ville.<\/p>\n<p><span style=\"font-weight: bold\">Plus d&rsquo;infos:<br \/>\n<\/span><a href=\"http:\/\/reseau.vert.free.fr\/\" target=\"_blank\" rel=\"noopener\">http:\/\/reseau.vert.free.fr<\/a><span style=\"font-weight: bold\"><br \/>\n<\/span><a href=\"mailto:contact@reseau-vert.org\">contact@reseau-vert.org<\/a><\/p>\n","protected":false},"excerpt":{"rendered":"<p>Le plan du R\u00e9seau Vert parisien a \u00e9t\u00e9 r\u00e9alis\u00e9 par des habitants de chaque arrondissement de Paris. Maillant sans rupture le territoire, il permet au marcheur et au cycliste de <a class=\"more-link\" href=\"https:\/\/carfree.fr\/index.php\/2005\/04\/05\/la-caravane-du-reseau-vert\/\">Lire la suite&#8230;<\/a><\/p>\n","protected":false},"author":37,"featured_media":37595,"comment_status":"open","ping_status":"open","sticky":false,"template":"","format":"standard","meta":[],"categories":[4,9,5,7,70],"tags":[1848,181,326,110,84,163,135,159,106,101,136,215,1664,113,34],"views":5661,"_links":{"self":[{"href":"https:\/\/carfree.fr\/index.php\/wp-json\/wp\/v2\/posts\/794"}],"collection":[{"href":"https:\/\/carfree.fr\/index.php\/wp-json\/wp\/v2\/posts"}],"about":[{"href":"https:\/\/carfree.fr\/index.php\/wp-json\/wp\/v2\/types\/post"}],"author":[{"embeddable":true,"href":"https:\/\/carfree.fr\/index.php\/wp-json\/wp\/v2\/users\/37"}],"replies":[{"embeddable":true,"href":"https:\/\/carfree.fr\/index.php\/wp-json\/wp\/v2\/comments?post=794"}],"version-history":[{"count":0,"href":"https:\/\/carfree.fr\/index.php\/wp-json\/wp\/v2\/posts\/794\/revisions"}],"wp:featuredmedia":[{"embeddable":true,"href":"https:\/\/carfree.fr\/index.php\/wp-json\/wp\/v2\/media\/37595"}],"wp:attachment":[{"href":"https:\/\/carfree.fr\/index.php\/wp-json\/wp\/v2\/media?parent=794"}],"wp:term":[{"taxonomy":"category","embeddable":true,"href":"https:\/\/carfree.fr\/index.php\/wp-json\/wp\/v2\/categories?post=794"},{"taxonomy":"post_tag","embeddable":true,"href":"https:\/\/carfree.fr\/index.php\/wp-json\/wp\/v2\/tags?post=794"}],"curies":[{"name":"wp","href":"https:\/\/api.w.org\/{rel}","templated":true}]}}