{"id":795,"date":"2005-04-17T15:36:19","date_gmt":"2005-04-17T14:36:19","guid":{"rendered":"http:\/\/carfree.fr\/index.php\/2005\/04\/17\/mobilisation-generale-contre-lautomobile\/"},"modified":"2024-02-29T08:41:25","modified_gmt":"2024-02-29T07:41:25","slug":"mobilisation-generale-contre-lautomobile","status":"publish","type":"post","link":"https:\/\/carfree.fr\/index.php\/2005\/04\/17\/mobilisation-generale-contre-lautomobile\/","title":{"rendered":"Mobilisation g\u00e9n\u00e9rale contre l&rsquo;automobile"},"content":{"rendered":"<p><span style=\"font-weight: bold\">Un appel \u00e0 la mobilisation g\u00e9n\u00e9rale contre l&rsquo;automobile<\/span><\/p>\n<p>\u00ab\u00a0La voiture pollue, fait du bruit, blesse et tue, consomme de l&rsquo;\u00e9nergie fossile non renouvelable et occupe la quasi-totalit\u00e9 de l&rsquo;espace public, au d\u00e9triment d&rsquo;autres modes de d\u00e9placement comme le v\u00e9lo ou les transports en commun.\u00a0\u00bb Le ton est donn\u00e9. Pour en savoir plus, rendez-vous sur cet espace aussi original qu&rsquo;engag\u00e9. Il s&rsquo;en prend au mythe faisant de l&rsquo;auto un vecteur de libert\u00e9, d\u00e9nonce le scandale du salage de la voie publique, condamne l&rsquo;agressivit\u00e9 des automobilistes et pr\u00f4ne davantage de respect pour les autres usagers de la route. <!--more--><\/p>\n<p><img decoding=\"async\" loading=\"lazy\" src=\"http:\/\/carfree.fr\/img\/2005\/04\/automobiles_mythe_realite_singer.gif\" alt=\"automobiles_mythe_realite_singer\" width=\"247\" height=\"308\" \/><\/p>\n<p><a href=\"http:\/\/carfree.fr\/\" title=\"http:\/\/carfree.fr\/\" target=\"_blank\" rel=\"noopener\">http:\/\/carfree.fr\/<\/a><\/p>\n<p>SVM Hors-S\u00e9rie \u00ab\u00a0Le guide du weblog\u00a0\u00bb, avril-mai 2005.<\/p>\n","protected":false},"excerpt":{"rendered":"<p>Un appel \u00e0 la mobilisation g\u00e9n\u00e9rale contre l&rsquo;automobile \u00ab\u00a0La voiture pollue, fait du bruit, blesse et tue, consomme de l&rsquo;\u00e9nergie fossile non renouvelable et occupe la quasi-totalit\u00e9 de l&rsquo;espace public, <a class=\"more-link\" href=\"https:\/\/carfree.fr\/index.php\/2005\/04\/17\/mobilisation-generale-contre-lautomobile\/\">Lire la suite&#8230;<\/a><\/p>\n","protected":false},"author":11,"featured_media":45821,"comment_status":"open","ping_status":"open","sticky":false,"template":"","format":"standard","meta":[],"categories":[73,72],"tags":[1848,551,130,68,23,131,1664],"views":3694,"_links":{"self":[{"href":"https:\/\/carfree.fr\/index.php\/wp-json\/wp\/v2\/posts\/795"}],"collection":[{"href":"https:\/\/carfree.fr\/index.php\/wp-json\/wp\/v2\/posts"}],"about":[{"href":"https:\/\/carfree.fr\/index.php\/wp-json\/wp\/v2\/types\/post"}],"author":[{"embeddable":true,"href":"https:\/\/carfree.fr\/index.php\/wp-json\/wp\/v2\/users\/11"}],"replies":[{"embeddable":true,"href":"https:\/\/carfree.fr\/index.php\/wp-json\/wp\/v2\/comments?post=795"}],"version-history":[{"count":0,"href":"https:\/\/carfree.fr\/index.php\/wp-json\/wp\/v2\/posts\/795\/revisions"}],"wp:featuredmedia":[{"embeddable":true,"href":"https:\/\/carfree.fr\/index.php\/wp-json\/wp\/v2\/media\/45821"}],"wp:attachment":[{"href":"https:\/\/carfree.fr\/index.php\/wp-json\/wp\/v2\/media?parent=795"}],"wp:term":[{"taxonomy":"category","embeddable":true,"href":"https:\/\/carfree.fr\/index.php\/wp-json\/wp\/v2\/categories?post=795"},{"taxonomy":"post_tag","embeddable":true,"href":"https:\/\/carfree.fr\/index.php\/wp-json\/wp\/v2\/tags?post=795"}],"curies":[{"name":"wp","href":"https:\/\/api.w.org\/{rel}","templated":true}]}}